{"id":532,"date":"2010-08-09T17:46:17","date_gmt":"2010-08-09T16:46:17","guid":{"rendered":"http:\/\/www.eurominichamps.com\/?p=532"},"modified":"2015-05-17T07:06:34","modified_gmt":"2015-05-17T06:06:34","slug":"claude-bergeret-succede-a-jean-denis-constant","status":"publish","type":"post","link":"https:\/\/www.eurominichamps.com\/en\/2010\/08\/09\/claude-bergeret-succede-a-jean-denis-constant\/","title":{"rendered":"Claude Bergeret succ\u00e8de \u00e0 Jean-Denis Constant"},"content":{"rendered":"<p class=\"qtranxs-available-languages-message qtranxs-available-languages-message-en\">Sorry, this entry is only available in <a href=\"https:\/\/www.eurominichamps.com\/fr\/wp-json\/wp\/v2\/posts\/532\" class=\"qtranxs-available-language-link qtranxs-available-language-link-fr\" title=\"Fran\u00e7ais\">Fran\u00e7ais<\/a>.<\/p><p><\/p>\n<div id=\"NewsPostDetailContent\">\n<p><strong>Claude<\/strong><strong> Bergeret<\/strong><strong class=\"sousTitre\"> succ\u00e8de \u00e0 Jean-Denis Constant \u00e0 la coordination des EMC 2010<\/strong><\/p>\n<p><strong>Restructuration au sein de la FFTT<\/strong><\/p>\n<p><strong><img loading=\"lazy\" decoding=\"async\" src=\"http:\/\/www.eurominichamps.com\/uploads\/images\/news2010\/claude_bergeret3.jpg\" alt=\"\" width=\"202\" height=\"152\" \/><\/strong><\/p>\n<p>Suite \u00e0 une restructuration au sein de la Direction Technique Nationale de la FFTT \u00e0 la suite de la mise en place des PES (Parcours d&#8217;Excellence Sportive), Jean-Denis Constant a accept\u00e9 de prendre en charge le PES f\u00e9minin l&#8217;obligeant \u00e0 assurer l&#8217;organisation, le suivi, voire l&#8217;entra\u00eenement sur le terrain de la fili\u00e8re f\u00e9minine depuis la fin du programme d\u00e9tection jusqu&#8217;aux seniors compris.<\/p>\n<p>Il a donc du abandonner ses fonctions de coordinateur de l&#8217;EMC et a demand\u00e9 \u00e0 \u00eatre remplac\u00e9 par Claude Bergeret\u00a0(cadre National, charg\u00e9e de missions)\u00a0ce que le DTN Michel Gadal a accept\u00e9.<\/p>\n<p><em>\u00a0<\/em><\/p>\n<p><strong class=\"clear\">Entrevue<\/strong><\/p>\n<ul>\n<li>1- Claude, comment es-tu devenue coordinatrice des EMC 2010 ?<\/li>\n<\/ul>\n<p>Le plus naturellement du monde. En effet, depuis l&#8217;id\u00e9e \u00e9mise par Jean-Denis il y a d\u00e9j\u00e0 7 ans d&#8217;organiser une sorte de \u00ab\u00a0Petits As\u00a0\u00bb du tennis de table je me suis trouv\u00e9e impliqu\u00e9e \u00e0 diff\u00e9rents niveaux d&#8217;interventions. J&#8217;\u00e9tais d\u00e9j\u00e0 pr\u00e9sente \u00e0 la 1<sup>\u00e8re<\/sup> \u00e9dition comme membre du Comit\u00e9 d&#8217;Organisation en charge des Relations Internationales avec nos amis europ\u00e9ens et l&#8217;ETTU bien s\u00fbr&#8230; Je pense que cela a \u00e9t\u00e9 fort utile pour \u00ab\u00a0attirer\u00a0\u00bb de nombreux participants d\u00e8s cette 1<sup>\u00e8re<\/sup> ann\u00e9e&#8230; Et depuis je n&#8217;ai jamais manqu\u00e9 une \u00e9dition&#8230; Je connaissais \u00e9galement assez bien l&#8217;ensemble du dossier, et je travaille beaucoup au sein des diff\u00e9rentes comp\u00e9titions internationales organis\u00e9es par la FFTT (Championnats du Monde, Coupes du Monde, Top 12 Europ\u00e9en etc&#8230;).<\/p>\n<ul>\n<li>2- Quelles sont tes missions ?<\/li>\n<\/ul>\n<p>Mes missions au sein du Comit\u00e9 d&#8217;Organisation sont assez simples\u00a0: je coordonne&#8230; Pour \u00eatre plus pr\u00e9cis je suis le lien entre les Organisateurs (Ligue d&#8217;Alsace et club de Schiltigheim) et la DTN \/ FFTT, \u00e0 l&#8217;\u00e9coute des am\u00e9liorations demand\u00e9es de part et d&#8217;autre. D&#8217;ailleurs dans un souci de meilleure et transparente coop\u00e9ration une convention tri partite a \u00e9t\u00e9 sign\u00e9e entre les 3 parties mentionn\u00e9es ci-dessus et ce pour 4 ans. Je continue n\u00e9anmoins \u00e0 assurer les relations internationales avec l&#8217;ETTU, les f\u00e9d\u00e9rations europ\u00e9ennes et maintenant l&#8217;ITTF qui depuis 2 ans nous envoie leur \u00e9quipe d&#8217;espoirs.<\/p>\n<ul>\n<li>3- Que repr\u00e9sente pour toi les EMC ?<\/li>\n<\/ul>\n<p>Outre l&#8217;aspect technique qui permet \u00e0 tous les pays europ\u00e9ens de se jauger les uns par rapport aux autres, j&#8217;aime cette comp\u00e9tition car j&#8217;adore voir les yeux des petits briller&#8230; m\u00eame si parfois ils brillent &#8230; de larmes. J&#8217;aime cette rencontre des coachs, des parents, voire grands-parents et amis&#8230;C&#8217;est tr\u00e8s familial et j&#8217;aime \u00e7a&#8230; Du c\u00f4t\u00e9 plus p\u00fbrement sportif, les confrontations entre nos jeunes pousses permettent \u00e0 chaque entra\u00eeneur de faire le point sur son travail et celui des enfants. C&#8217;est super de pouvoir l&#8217;organiser en France tous les ans. C&#8217;est une chance, cela nous permet de confronter nombre de nos joueurs et joueuses au moins au stade des qualifications.<\/p>\n<ul>\n<li>4- Le niveau des jeunes pongistes a-t-il \u00e9volu\u00e9 ? si oui, quelles en sont ces sp\u00e9cificit\u00e9s ?<\/li>\n<\/ul>\n<p>Bien s\u00fbr et c&#8217;est heureux, cela faisait parti de l&#8217;objectif de d\u00e9part. Le jeu des petits participants aux EMC se rapproche de plus en plus, la puissance en moins, du jeu des \u00ab\u00a0grands\u00a0\u00bb. On ne voit plus de joueurs ou joueuses \u00ab ne sachant pas jouer\u00a0\u00bb. La construction du jeu est r\u00e9elle. Les petits ont progress\u00e9 dans leur approche \u00ab\u00a0professionnelle\u00a0\u00bb de l&#8217;activit\u00e9.<\/p>\n<ul>\n<li>5- Quel a \u00e9t\u00e9 ton parcours pongistique ?<\/li>\n<\/ul>\n<p>Cela peut-\u00eatre tr\u00e8s long&#8230; J&#8217;ai d\u00e9but\u00e9 \u00e0 l&#8217;ASPTT d&#8217;Annecy sous la houlette de mon papa \u00e0 l&#8217;\u00e2ge de 10 ans. J&#8217;ai remport\u00e9 le \u00ab\u00a0Crit\u00e9rium des moins de 15 ans\u00a0\u00bb, l&#8217;anc\u00eatre du PPP, \u00e0 l&#8217;\u00e2ge de 11ans, j&#8217;ai remport\u00e9 de nombreux titres de championne de France cadettes et junior et mon 1<sup>er<\/sup> titre de championne de France senior \u00e0 l&#8217;\u00e2ge de 17 ans. Class\u00e9e n\u00b06 europ\u00e9enne et 19<sup>\u00e8me<\/sup> mondiale, mon plus beau (ou plus haut) titre fut celui de championne du Monde de Doubles Mixtes avec Jacques Secr\u00e9tin en 1977 (j&#8217;avais 23 ans). J&#8217;ai arr\u00eat\u00e9 ma carri\u00e8re en 1982 pour devenir entra\u00eeneur national, en charge des junior filles, puis des seniors filles puis en 1988 en charge des Relations Internationales.<\/p>\n<p>En 1993, je suis nomm\u00e9e Pr\u00e9sidente de la Commission des Athl\u00e8tes nouvellement cr\u00e9e par M. Ogimura le Pr\u00e9sident de l&#8217;ITTF de l&#8217;\u00e9poque. En 2000, je suis \u00e9lue Vice Pr\u00e9sidente de l&#8217;ETTU en charge du d\u00e9veloppement et en 2005 Vice &#8211; Pr\u00e9sidente de l&#8217;ITTF. Actuellement je suis redevenue Pr\u00e9sidente de la Commission des Athl\u00e8tes apr\u00e8s 5 ans d&#8217;arr\u00eat. Je consid\u00e8re cela comme un retour aux sources&#8230;<\/p>\n<ul>\n<li>6- Quel \u00e9tait ton syst\u00e8me de jeu?<\/li>\n<\/ul>\n<p>Vitesse, attaque avec, je crois pouvoir le dire, un excellent revers&#8230;<\/p>\n<ul>\n<li>7- Combien d&#8217;ann\u00e9es as-tu mis pour atteindre le haut-niveau ?<\/li>\n<\/ul>\n<p>Jusqu&#8217;\u00e0 mon titre de championne de France senior, 7 ans.<\/p>\n<ul>\n<li>8- L&#8217;apoth\u00e9ose, ton titre mondial en double avec J. Secr\u00e9tin : comment as-tu v\u00e9cu cette victoire ?<\/li>\n<\/ul>\n<p>J&#8217;allais dire presque normalement, naturellement, comme une autre victoire ce qui est vrai dans la mesure o\u00f9 lorsque l&#8217;on est dans la comp\u00e9tition on joue tour apr\u00e8s tour les adversaires qui se pr\u00e9sentent \u00e0 vous en essayant de gagner \u00e0 chaque fois&#8230; On ne calcule pas l\u00e0 o\u00f9 cela nous emm\u00e8ne&#8230;On joue&#8230;Point&#8230;<\/p>\n<p>Apr\u00e8s notre victoire en finale, peut-\u00eatre le match le plus\u00a0facile du championnat (3\/0 alors que l&#8217;on avait gal\u00e9r\u00e9 3\/2 en demi et en 1\/8 \u00e8me de finale je ne me suis pas rendue compte tout de suite&#8230;C&#8217;est juste en rentrant \u00e0 la chambre quand les coups de fil des radios fran\u00e7aises ont commenc\u00e9 que je me suis dit\u00a0\u00ab\u00a0il s&#8217;est pass\u00e9 quelque chose\u00a0\u00bb et ensuite j&#8217;ai appr\u00e9ci\u00e9&#8230; je crois m\u00eame que j&#8217;appr\u00e9cie encore quand j&#8217;en parle&#8230;<\/p>\n<ul>\n<li>9- Un dernier mot pour les petits prodiges du tennis de table et l&#8217;avenir des EMC ?<\/li>\n<\/ul>\n<p>\u00e7a c&#8217;est 2 questions en une&#8230;<\/p>\n<p>Parlons des petits prodiges du TT. Je leurs souhaite beaucoup de r\u00e9ussite, de bonheur et de plaisir dans la joie de vivre&#8230; mais il faut qu&#8217;ils sachent que rien ne se fera tout seul, qu&#8217;il faudra travailler, que ce sera dur, qu&#8217;il faudra faire des sacrifices&#8230; mais le jeu en vaut vraiment la chandelle.<\/p>\n<p>L&#8217;avenir des EMC, je le vois \u00ab\u00a0rose\u00a0\u00bb&#8230; Nous sommes repartis pour 4 ann\u00e9es avec une \u00e9quipe d&#8217;organisateurs (que je remercie et je f\u00e9licite au passage pour leurs comp\u00e9tences, leur savoir-faire\u00a0 et leur gentillesse) exp\u00e9riment\u00e9s mais jamais blas\u00e9s et ne s&#8217;endormant jamais sur ses lauriers.<\/p>\n<p>Le ma\u00eetre mot c&#8217;est \u00ab\u00a0\u00e9voluer\u00a0\u00bb encore et toujours, trouver de nouvelles id\u00e9es, progresser sans jamais d\u00e9naturer l&#8217;id\u00e9e du d\u00e9part.<\/p>\n<p>C&#8217;est \u00e7a qui fait la force des EMC \u00e0 Schiltigheim o\u00f9 j&#8217;adore revenir tous les ans le dernier week-end d&#8217;ao\u00fbt depuis 6 ans\u00a0!!!<\/p>\n<p><em>\u00a0<\/em><em>\u00a0<\/em><\/p>\n<p><strong class=\"clear\">Parcours<\/strong><\/p>\n<p><strong>Claude<\/strong><strong> Bergeret<\/strong> a commenc\u00e9 le tennis de table \u00e0 l&#8217;\u00e2ge de 10 ans \u00e0 Annecy. Son style de jeu \u00e9tait bas\u00e9 sur la contre-attaque. Apr\u00e8s de multiples titres dans le championnat de France et surtout le titre mondial remport\u00e9 en 1977, elle arr\u00eate sa carri\u00e8re sportive en 1982 et devient entraineur de l&#8217;\u00e9quipe de France junior de 1983 \u00e0 1985, puis de l&#8217;\u00e9quipe s\u00e9nior en 1986-1987. Elle est nomm\u00e9e par la suite vice pr\u00e9sidente de la f\u00e9d\u00e9ration europ\u00e9enne de tennis de table, et Pr\u00e9sidente de la commission des athl\u00e8tes \u00e0 la f\u00e9d\u00e9ration internationale.<\/p>\n<p><strong class=\"clear\">Palmar\u00e8s<\/strong><\/p>\n<ul type=\"disc\">\n<li>&gt; 6 fois championne de France en simples<\/li>\n<li>&gt; 6 fois championne de France en double dames<\/li>\n<li>&gt; 7 fois championne de France en double mixte (six fois avec Jacques Secr\u00e9tin et une fois avec Vincent Purkart)<\/li>\n<li>&gt; Championne du Monde en double mixte avec Jacques Secr\u00e9tin en 1977.<\/li>\n<\/ul>\n<p><em>Plus d&#8217;infos sur :<\/em><\/p>\n<p><a href=\"http:\/\/www.fftt.com\/technique\/echos_terrain\/entretiens.htm\" target=\"_blank\">http:\/\/www.fftt.com\/technique\/echos_terrain\/entretiens.htm<\/a><\/p>\n<\/div>\n<p><\/p>","protected":false},"excerpt":{"rendered":"<p>Sorry, this entry is only available in Fran\u00e7ais. Claude Bergeret succ\u00e8de \u00e0 Jean-Denis Constant \u00e0 la coordination des EMC 2010 Restructuration au sein de la&hellip;<\/p>\n","protected":false},"author":2,"featured_media":0,"comment_status":"closed","ping_status":"open","sticky":false,"template":"","format":"standard","meta":{"footnotes":""},"categories":[3],"tags":[],"class_list":["post-532","post","type-post","status-publish","format-standard","hentry","category-news"],"_links":{"self":[{"href":"https:\/\/www.eurominichamps.com\/en\/wp-json\/wp\/v2\/posts\/532","targetHints":{"allow":["GET"]}}],"collection":[{"href":"https:\/\/www.eurominichamps.com\/en\/wp-json\/wp\/v2\/posts"}],"about":[{"href":"https:\/\/www.eurominichamps.com\/en\/wp-json\/wp\/v2\/types\/post"}],"author":[{"embeddable":true,"href":"https:\/\/www.eurominichamps.com\/en\/wp-json\/wp\/v2\/users\/2"}],"replies":[{"embeddable":true,"href":"https:\/\/www.eurominichamps.com\/en\/wp-json\/wp\/v2\/comments?post=532"}],"version-history":[{"count":0,"href":"https:\/\/www.eurominichamps.com\/en\/wp-json\/wp\/v2\/posts\/532\/revisions"}],"wp:attachment":[{"href":"https:\/\/www.eurominichamps.com\/en\/wp-json\/wp\/v2\/media?parent=532"}],"wp:term":[{"taxonomy":"category","embeddable":true,"href":"https:\/\/www.eurominichamps.com\/en\/wp-json\/wp\/v2\/categories?post=532"},{"taxonomy":"post_tag","embeddable":true,"href":"https:\/\/www.eurominichamps.com\/en\/wp-json\/wp\/v2\/tags?post=532"}],"curies":[{"name":"wp","href":"https:\/\/api.w.org\/{rel}","templated":true}]}}