{"id":481,"date":"2011-08-28T01:59:18","date_gmt":"2011-08-28T00:59:18","guid":{"rendered":"http:\/\/www.eurominichamps.com\/?p=481"},"modified":"2015-05-16T11:02:51","modified_gmt":"2015-05-16T10:02:51","slug":"les-francais-en-effectif-reduit","status":"publish","type":"post","link":"https:\/\/www.eurominichamps.com\/en\/2011\/08\/28\/les-francais-en-effectif-reduit\/","title":{"rendered":"Les Fran\u00e7ais en effectif r\u00e9duit"},"content":{"rendered":"<p class=\"qtranxs-available-languages-message qtranxs-available-languages-message-en\">Sorry, this entry is only available in <a href=\"https:\/\/www.eurominichamps.com\/fr\/wp-json\/wp\/v2\/posts\/481\" class=\"qtranxs-available-language-link qtranxs-available-language-link-fr\" title=\"Fran\u00e7ais\">Fran\u00e7ais<\/a>.<\/p><p><img loading=\"lazy\" decoding=\"async\" id=\"NewsPostDetailDate\" src=\"http:\/\/www.eurominichamps.com\/uploads\/images\/actu\/dna.jpg\" alt=\"\" width=\"200\" height=\"72\" \/><\/p>\n<div id=\"NewsPostDetailContent\">\n<p>&nbsp;<\/p>\n<p>L&#8217;an pass\u00e9, au m\u00eame stade de la comp\u00e9tition, les tricolores \u00e9taient encore huit. Hier, \u00e0 la fin de la journ\u00e9e, ils auraient pu \u00eatre bien autant tant les matches ont gagn\u00e9 en intensit\u00e9 d\u00e8s les premi\u00e8res joutes du tableau final et se sont jou\u00e9s sur des d\u00e9tails.<\/p>\n<p>\u00ab Au tennis de table, entre gagner et perdre, il y a un infime \u00e9cart \u00bb, expliquait r\u00e9cemment Michel Gadal, le Directeur technique national (DTN) fran\u00e7ais. Hier, son constat s&#8217;est largement v\u00e9rifi\u00e9 et a fait couler de nombreuses larmes parmi les plus jeunes pongistes.<\/p>\n<p>&nbsp;<\/p>\n<p><img loading=\"lazy\" decoding=\"async\" src=\"http:\/\/www.eurominichamps.com\/uploads\/images\/actu\/joris_emc.JPG\" alt=\"\" width=\"250\" height=\"285\" \/><\/p>\n<p><em>Joris Reynaud est d\u00e9sormais le seul repr\u00e9sentant tricolore chez les plus jeunes gar\u00e7ons. (Photo DNA &#8211; Jean-Christophe Dorn)<\/em><\/p>\n<p>&nbsp;<\/p>\n<p class=\"sousTitre\">NOLAN GIVONE PEUT VOIR PLUS HAUT<\/p>\n<p>En ce sens, Lucie Gauthier, chez les filles n\u00e9es en 2000, est, peut \u00eatre, celle qui peut avoir le plus de regrets. Apr\u00e8s avoir men\u00e9 9-3 lors de la cinqui\u00e8me manche et m\u00eame obtenu une balle de match, elle s&#8217;est finalement inclin\u00e9e face \u00e0 la Roumaine Denisa Chiriceanu.<\/p>\n<p>Irvin Bertrand, champion de France benjamins \u00e0 Illkirch en mai dernier, a connu presque la m\u00eame m\u00e9saventure. Menant 9-8 \u00e0 la &#8220;belle&#8221;, il a perdu les trois points suivants pour se faire \u00e9liminer par le Moldave Christian Chirita.<\/p>\n<p>Pour autant, l&#8217;ultime manche n&#8217;a pas r\u00e9serv\u00e9 que de mauvaises surprises aux repr\u00e9sentants tricolores. Pendant que son plus grand adversaire au niveau hexagonal s&#8217;inclinait sur le fil, Joris Reynaud s&#8217;imposait lui face \u00e0 l&#8217;Egyptien Youssef Abel-Aziz, membre de la s\u00e9lection de la f\u00e9d\u00e9ration internationale.<\/p>\n<p>Chez les gar\u00e7ons n\u00e9s en 2000 ou apr\u00e8s, le licenci\u00e9 du Cheylard TT (Ard\u00e8che) sera donc l&#8217;unique chance fran\u00e7aise de m\u00e9daille, tout comme Nolan Givone (Morez) dans la cat\u00e9gorie sup\u00e9rieure ou Le\u00efli Mostafavi chez les plus jeunes filles.<\/p>\n<p>Le premier, unique s\u00e9lectionn\u00e9 dans la d\u00e9l\u00e9gation fran\u00e7aise, tient pour l&#8217;instant son rang de favori. Si le Lituanien Rimas Lesiv l&#8217;a longtemps bouscul\u00e9 en 1\/8 e de finale, il a su r\u00e9pondre pour franchir le cap.<\/p>\n<p>Il peut d\u00e9sormais \u00ab aller au bout \u00bb d&#8217;apr\u00e8s \u00c9tienne Guichard, conseiller technique \u00e0 la F\u00e9d\u00e9ration fran\u00e7aise de tennis de table (FFTT).<\/p>\n<p>&nbsp;<\/p>\n<p class=\"sousTitre\">H\u00c9L\u00c8NE WITZ N&#8217;A RIEN PU FAIRE<\/p>\n<p>Il faudra n\u00e9anmoins se m\u00e9fier du Moldave Andrei Putuntic, vainqueur l&#8217;an pass\u00e9 et apparu en tr\u00e8s grande forme depuis le d\u00e9but de la comp\u00e9tition malgr\u00e9 un petit coup de moins bien en 1\/16 e de finale.<\/p>\n<p>Quant \u00e0 Le\u00efli Mostafavi, elle a confirm\u00e9 toutes les qualit\u00e9s d\u00e9j\u00e0 entrevues \u00e0 Illkirch o\u00f9 elle \u00e9tait devenue championne de France benjamine en simple et en double.<\/p>\n<p>Apr\u00e8s avoir perdu une rencontre en phase de poule, la joueuse licenci\u00e9e \u00e0 Chesnay (78) est mont\u00e9e progressivement en puissance. Que ce soit en 1\/16 e ou en 1\/8 e, elle n&#8217;a ainsi pas conc\u00e9d\u00e9 le moindre set \u00e0 ses adversaires et valid\u00e9 assez facilement son ticket pour le Top 8.<\/p>\n<p>H\u00e9l\u00e8ne Witz (H\u0153rdt TT), la derni\u00e8re repr\u00e9sentante alsacienne, aurait pu en faire de m\u00eame mais n&#8217;a pas b\u00e9n\u00e9fici\u00e9 d&#8217;un tirage des plus ais\u00e9s.<\/p>\n<p>Oppos\u00e9 \u00e0 la Roumaine Andreea Dragoman, 10 e en 2010 et parmi les favorites du tableau, la Bas-Rhinoise n&#8217;a rien pu faire, s&#8217;inclinant 3-0.<\/p>\n<p>\u00ab Il n&#8217;y a pas \u00e0 \u00eatre d\u00e9\u00e7u, commente Benjamin G\u00e9nin, son entra\u00eeneur au centre r\u00e9gional d&#8217;entra\u00eenement \u00e0 Haguenau. Le but \u00e9tait d&#8217;arriver dans le tableau final. elle l&#8217;a fait puisqu&#8217;elle a m\u00eame franchi un tour de plus donc l&#8217;objectif est atteint. \u00bb<\/p>\n<p>Les autres Alsaciens engag\u00e9s hier n&#8217;ont pas eu la m\u00eame r\u00e9ussite. H\u00e9l\u00e8ne Foels (Zorn TT), Valentin Wolf (Sarre Union), Jonathan Boni (Zorn TT), Pierre-Antoine Cheminot (SSSA Ingersheim) et Aaron Teav (Concordia Eckbolsheim) se sont ainsi arr\u00eat\u00e9s d\u00e8s les derniers tours de poule et ont rejoint la &#8220;consolante&#8221;.<\/p>\n<p>&nbsp;<\/p>\n<p class=\"sousTitre\">M\u00c9LISSA HAUSHALTER S&#8217;\u00c9TAIT TROP COMPLIQU\u00c9E LA T\u00c2CHE<\/p>\n<p>M\u00e9lissa Haushalter (Schiltigheim US TT) est all\u00e9 un peu plus loin mais la marche des 1\/16 es de finale \u00e9tait trop haute face \u00e0 la Roumaine Denisa Chiriceanu, future tombeuse de Lucie Gauthier.<\/p>\n<p>Enfin, dans la cat\u00e9gorie des filles n\u00e9es en 1999, les Fran\u00e7aises seront deux. Outre l&#8217;attendue Anais Salpin (Etival-Clairefontaine TT), Salom\u00e9 Patarin (Poitou Charentes) s&#8217;est invit\u00e9e parmi les meilleures.<\/p>\n<p>\u00c0 elle et aux autres tricolores d&#8217;aller maintenant chercher des m\u00e9dailles et de perdurer la tradition qui veut qu&#8217;un Fran\u00e7ais l&#8217;emporte dans au moins un tableau \u00e0 chaque \u00e9dition.<\/p>\n<p>&nbsp;<\/p>\n<p>DNA &#8211; 28\/08\/2011 &#8211; Thibaut GAGNEPAIN<\/p>\n<\/div>\n<p><\/p>","protected":false},"excerpt":{"rendered":"<p>Sorry, this entry is only available in Fran\u00e7ais. &nbsp; L&#8217;an pass\u00e9, au m\u00eame stade de la comp\u00e9tition, les tricolores \u00e9taient encore huit. Hier, \u00e0 la&hellip;<\/p>\n","protected":false},"author":2,"featured_media":0,"comment_status":"closed","ping_status":"open","sticky":false,"template":"","format":"standard","meta":{"footnotes":""},"categories":[3],"tags":[],"class_list":["post-481","post","type-post","status-publish","format-standard","hentry","category-news"],"_links":{"self":[{"href":"https:\/\/www.eurominichamps.com\/en\/wp-json\/wp\/v2\/posts\/481","targetHints":{"allow":["GET"]}}],"collection":[{"href":"https:\/\/www.eurominichamps.com\/en\/wp-json\/wp\/v2\/posts"}],"about":[{"href":"https:\/\/www.eurominichamps.com\/en\/wp-json\/wp\/v2\/types\/post"}],"author":[{"embeddable":true,"href":"https:\/\/www.eurominichamps.com\/en\/wp-json\/wp\/v2\/users\/2"}],"replies":[{"embeddable":true,"href":"https:\/\/www.eurominichamps.com\/en\/wp-json\/wp\/v2\/comments?post=481"}],"version-history":[{"count":0,"href":"https:\/\/www.eurominichamps.com\/en\/wp-json\/wp\/v2\/posts\/481\/revisions"}],"wp:attachment":[{"href":"https:\/\/www.eurominichamps.com\/en\/wp-json\/wp\/v2\/media?parent=481"}],"wp:term":[{"taxonomy":"category","embeddable":true,"href":"https:\/\/www.eurominichamps.com\/en\/wp-json\/wp\/v2\/categories?post=481"},{"taxonomy":"post_tag","embeddable":true,"href":"https:\/\/www.eurominichamps.com\/en\/wp-json\/wp\/v2\/tags?post=481"}],"curies":[{"name":"wp","href":"https:\/\/api.w.org\/{rel}","templated":true}]}}