{"id":474,"date":"2011-08-30T13:54:40","date_gmt":"2011-08-30T12:54:40","guid":{"rendered":"http:\/\/www.eurominichamps.com\/?p=474"},"modified":"2015-05-16T11:00:15","modified_gmt":"2015-05-16T10:00:15","slug":"une-concurrence-bien-plus-forte","status":"publish","type":"post","link":"https:\/\/www.eurominichamps.com\/en\/2011\/08\/30\/une-concurrence-bien-plus-forte\/","title":{"rendered":"\u00ab Une concurrence bien plus forte \u00bb"},"content":{"rendered":"<p class=\"qtranxs-available-languages-message qtranxs-available-languages-message-en\">Sorry, this entry is only available in <a href=\"https:\/\/www.eurominichamps.com\/fr\/wp-json\/wp\/v2\/posts\/474\" class=\"qtranxs-available-language-link qtranxs-available-language-link-fr\" title=\"Fran\u00e7ais\">Fran\u00e7ais<\/a>.<\/p><p><img loading=\"lazy\" decoding=\"async\" src=\"http:\/\/www.eurominichamps.com\/uploads\/images\/actu\/dna.jpg\" alt=\"\" width=\"200\" height=\"72\" \/><\/p>\n<div id=\"NewsPostDetailContent\">\n<p>&#8211; Avant la comp\u00e9tition, vous disiez venir pour &#8220;voir la densit\u00e9 des joueurs fran\u00e7ais et v\u00e9rifier qu&#8217;ils sont dans le coup au niveau europ\u00e9en&#8221;. Apr\u00e8s les quarts de finale, seul Nolan Givone est rest\u00e9 en lice c\u00f4t\u00e9 tricolore. Cela vous inqui\u00e8te-t-il ?<\/p>\n<p>MG : On ne peut pas \u00eatre inquiet en se basant uniquement sur une comp\u00e9tition. Toutefois, on peut quand m\u00eame constater que le groupe qui est ici est moins performant que les pr\u00e9c\u00e9dents, m\u00eame s&#8217;il y avait cinq Fran\u00e7ais en quarts de finale.<\/p>\n<p>Il va maintenant falloir \u00e9valuer avec le staff technique les raisons de ces r\u00e9sultats pour savoir si nous avons p\u00each\u00e9 au niveau structurel, du recrutement ou si c&#8217;est juste ponctuel.<\/p>\n<p class=\"sousTitre\">\u00ab IL NOUS SUFFIT DE TROUVER UN PETIT PAR AN \u00bb<\/p>\n<p>Nous ne sommes toutefois pas au point critique, on est beaucoup plus relax qu&#8217;il y a quelques ann\u00e9es au vu de la qualit\u00e9 de nos juniors. Avec sept juniors dans les dix meilleurs Europ\u00e9ens, il nous suffit de trouver un petit par an. Avec Nolan Givone, on en a d\u00e9j\u00e0 un.<\/p>\n<p>Chez les filles, j&#8217;ai vu qu&#8217;elles savaient jouer au &#8220;ping&#8221;. Ce n&#8217;est pas parfait, mais le niveau me semble int\u00e9ressant. \u00c0 nous de travailler car l\u00e0, on n&#8217;a pas aujourd&#8217;hui une grosse densit\u00e9 dans les cat\u00e9gories sup\u00e9rieures.<\/p>\n<p>&#8211; Quelles sont les nations qui vous ont impressionn\u00e9 pendant ces trois jours ?<\/p>\n<p>MG : Chez les filles, surtout les Russes et les Roumaines ou encore des petits pays comme la Moldavie. Si on compare au tableau d&#8217;il y a six ans, on se rend compte que beaucoup de pays ont pris conscience de l&#8217;importance de l&#8217;\u00e9ducation et du travail avec les tr\u00e8s jeunes.<\/p>\n<p>Il faut donc pond\u00e9rer notre \u00e9valuation avec la qualit\u00e9 de l&#8217;opposition, surtout qu&#8217;il y a maintenant en plus une s\u00e9lection de la F\u00e9d\u00e9ration internationale.<\/p>\n<p>J&#8217;ajoute \u00e0 cela que l&#8217;Allemagne am\u00e8ne vraiment aujourd&#8217;hui ses meilleurs jeunes. J&#8217;ai vu un niveau tr\u00e8s \u00e9lev\u00e9, bien plus que lors des premi\u00e8res \u00e9ditions. La concurrence \u00e9tait beaucoup plus forte.<\/p>\n<p>&#8211; Vous sembliez ravi de revenir aux Euro Mini C hamp&#8217;s apr\u00e8s deux ans d&#8217;absences pour des raisons professionnelles et familiales&#8230;<\/p>\n<p>MG : Oui, c&#8217;\u00e9tait un plaisir de revenir et j&#8217;ai retrouv\u00e9 la m\u00eame dynamique qu&#8217;il y a trois ans. L&#8217;organisation s&#8217;est encore am\u00e9lior\u00e9e et l&#8217;enthousiasme est toujours le m\u00eame.<\/p>\n<p><img loading=\"lazy\" decoding=\"async\" src=\"http:\/\/www.eurominichamps.com\/uploads\/images\/actu\/gadal_dna.JPG\" alt=\"\" width=\"300\" height=\"246\" \/><\/p>\n<p><em>Michel Gadal est le directeur technique national de la F\u00e9d\u00e9ration fran\u00e7aise de tennis de table depuis un peu plus de dix ans. (Photo DNA &#8211; Jean-Paul Kaiser)<\/em><\/p>\n<p class=\"sousTitre\">\u00ab PAS LA VOLONT\u00c9 D&#8217;ALLER VOIR AILLEURS \u00bb<\/p>\n<p>L&#8217;\u00e9tape suivante, c&#8217;est l&#8217;ouverture d&#8217;un nouveau complexe sportif pr\u00e9vue pour 2014. Cela permettra de regrouper toute la comp\u00e9tition sur une seule salle, ce qui gommera le seul point faible de ces Euro Mini Champ&#8217;s \u00e0 Schiltigheim. Cela dit, pour en avoir discut\u00e9 avec beaucoup de d\u00e9l\u00e9gations, ce n&#8217;\u00e9tait pour eux qu&#8217;un d\u00e9tail.<\/p>\n<p>&#8211; Cela veut-il dire que les Euro Mini Champ&#8217;s vont encore rester en Alsace pendant un long moment ?<\/p>\n<p>MG : On a un contrat encore pour deux \u00e9ditions ici. M\u00eame si rien n&#8217;est encore sign\u00e9, il y aura la dixi\u00e8me \u00e9dition dans trois ans donc cela pourrait marquer un cycle. Moi, je n&#8217;ai pas la volont\u00e9 d&#8217;aller voir ailleurs mais j&#8217;imagine que d&#8217;autres r\u00e9gions pourraient se demander pourquoi c&#8217;est toujours en Alsace. Pour l&#8217;instant, on n&#8217;en est pas l\u00e0.<\/p>\n<p>DNA &#8211; 30\/08\/11 &#8211; PROPOS RECUEILLIS PAR THIBAUT GAGNEPAIN<\/p>\n<\/div>\n<p><\/p>","protected":false},"excerpt":{"rendered":"<p>Sorry, this entry is only available in Fran\u00e7ais. &#8211; Avant la comp\u00e9tition, vous disiez venir pour &#8220;voir la densit\u00e9 des joueurs fran\u00e7ais et v\u00e9rifier qu&#8217;ils&hellip;<\/p>\n","protected":false},"author":2,"featured_media":0,"comment_status":"closed","ping_status":"open","sticky":false,"template":"","format":"standard","meta":{"footnotes":""},"categories":[3],"tags":[],"class_list":["post-474","post","type-post","status-publish","format-standard","hentry","category-news"],"_links":{"self":[{"href":"https:\/\/www.eurominichamps.com\/en\/wp-json\/wp\/v2\/posts\/474","targetHints":{"allow":["GET"]}}],"collection":[{"href":"https:\/\/www.eurominichamps.com\/en\/wp-json\/wp\/v2\/posts"}],"about":[{"href":"https:\/\/www.eurominichamps.com\/en\/wp-json\/wp\/v2\/types\/post"}],"author":[{"embeddable":true,"href":"https:\/\/www.eurominichamps.com\/en\/wp-json\/wp\/v2\/users\/2"}],"replies":[{"embeddable":true,"href":"https:\/\/www.eurominichamps.com\/en\/wp-json\/wp\/v2\/comments?post=474"}],"version-history":[{"count":0,"href":"https:\/\/www.eurominichamps.com\/en\/wp-json\/wp\/v2\/posts\/474\/revisions"}],"wp:attachment":[{"href":"https:\/\/www.eurominichamps.com\/en\/wp-json\/wp\/v2\/media?parent=474"}],"wp:term":[{"taxonomy":"category","embeddable":true,"href":"https:\/\/www.eurominichamps.com\/en\/wp-json\/wp\/v2\/categories?post=474"},{"taxonomy":"post_tag","embeddable":true,"href":"https:\/\/www.eurominichamps.com\/en\/wp-json\/wp\/v2\/tags?post=474"}],"curies":[{"name":"wp","href":"https:\/\/api.w.org\/{rel}","templated":true}]}}