{"id":466,"date":"2012-08-13T09:01:39","date_gmt":"2012-08-13T08:01:39","guid":{"rendered":"http:\/\/www.eurominichamps.com\/?p=466"},"modified":"2015-05-16T10:55:08","modified_gmt":"2015-05-16T09:55:08","slug":"top-spin-en-vue","status":"publish","type":"post","link":"https:\/\/www.eurominichamps.com\/en\/2012\/08\/13\/top-spin-en-vue\/","title":{"rendered":"Top spin en vue"},"content":{"rendered":"<p class=\"qtranxs-available-languages-message qtranxs-available-languages-message-en\">Sorry, this entry is only available in <a href=\"https:\/\/www.eurominichamps.com\/fr\/wp-json\/wp\/v2\/posts\/466\" class=\"qtranxs-available-language-link qtranxs-available-language-link-fr\" title=\"Fran\u00e7ais\">Fran\u00e7ais<\/a>.<\/p><p>Les raquettes sont pour l&#8217;heure encore bien au chaud dans les pochettes et les balles entass\u00e9es dans les seaux. Leur r\u00e9pit ne va plus durer longtemps. D\u00e8s vendredi prochain, et m\u00eame avant pour certains, leurs propri\u00e9taires vont les sortir de leur torpeur estivale pour un grand week-end de tennis de table \u00e0 Schiltigheim.<\/p>\n<div id=\"NewsPostDetailContent\">\n<p>Ils seront un peu plus de 350 jeunes pongistes (366 inscrits exactement) \u00e0 participer \u00e0 cette huiti\u00e8me \u00e9dition des Euro Mini Champ&#8217;s (EMC).<\/p>\n<p>&nbsp;<\/p>\n<p><img loading=\"lazy\" decoding=\"async\" src=\"http:\/\/www.eurominichamps.com\/uploads\/images\/news2012\/dna_2012_joris.jpg\" alt=\"\" width=\"300\" height=\"184\" \/><\/p>\n<p><em>Elimin\u00e9 en quarts de finale l&#8217;an pass\u00e9, Joris Reynaud va retenter sa chance cette ann\u00e9e, chez les plus \u00e2g\u00e9s cette fois. Photo archives DNA &#8211; Jean-Christophe Dorn<\/em><\/p>\n<p>&nbsp;<\/p>\n<p>\u00ab Les inscriptions sont termin\u00e9es, seules les d\u00e9l\u00e9gations \u00e9trang\u00e8res peuvent encore faire des remplacements, pr\u00e9vient Bernard Simonin, le pr\u00e9sident de la ligue d&#8217;Alsace de tennis de table et l&#8217;un des principaux organisateurs. Comme l&#8217;an pass\u00e9, on a atteint notre capacit\u00e9 d&#8217;accueil maximale. \u00bb<\/p>\n<p>&nbsp;<\/p>\n<p class=\"sousTitre\">39 PAYS REPR\u00c9SENT\u00c9S, DONT L&#8217;IRAN<\/p>\n<p>Une quarantaine de pays (39 exactement) seront cette fois repr\u00e9sent\u00e9s, ce qui est un record. Outre les Europ\u00e9ens, des jeunes de Tha\u00eflande, Porto Rico et m\u00eame d&#8217;Iran ont \u00e9t\u00e9 convi\u00e9s \u00e0 l&#8217;\u00e9v\u00e9nement gr\u00e2ce \u00e0 la s\u00e9lection de la f\u00e9d\u00e9ration internationale (ITTF).&nbsp;<\/p>\n<p>\u00ab De m\u00e9moire, c&#8217;est la premi\u00e8re fois qu&#8217;un jeune iranien est en comp\u00e9tition \u00e0 Schiltigheim \u00bb, assure Bernard Simonin, en r\u00e9f\u00e9rence \u00e0 Alireza Rahnamayhaghighi (en lice chez les gar\u00e7ons n\u00e9s en 2000).<\/p>\n<p>C\u00f4t\u00e9 fran\u00e7ais, neuf jeunes (deux par cat\u00e9gories et trois chez les gar\u00e7ons n\u00e9s en 2001) porteront le maillot de l&#8217;\u00e9quipe nationale, dont une Alsacienne, H\u00e9l\u00e8ne Witz. \u00c9limin\u00e9e l&#8217;an pass\u00e9 en huiti\u00e8me de finale par la future vainqueur, la Roumaine Andreea Dragoman, la toute nouvelle championne de France benjamine fera cette fois partie des favorites. \u00ab L&#8217;an prochain, j&#8217;irai pour gagner \u00bb, disait-elle d&#8217;ailleurs au moment de d\u00e9couvrir, avec un an d&#8217;avance, ce championnat d&#8217;Europe des 10-12 ans.<\/p>\n<p>&nbsp;<\/p>\n<p class=\"sousTitre\">AVEC 17 ALSACIENS<\/p>\n<p>Mais les chances alsaciennes de m\u00e9dailles ne reposeront pas uniquement sur ses \u00e9paules. Au nombre de 13 inscrits l&#8217;an dernier, ils devraient \u00eatre 17 &#8220;r\u00e9gionaux de l&#8217;\u00e9tape&#8221; pour cette \u00e9dition. Parmi eux, certains ont d\u00e9j\u00e0 go\u00fbt\u00e9 aux EMC et auront donc un petit avantage \u00e0 l&#8217;heure de rentrer dans la comp\u00e9tition, comme Camille Lutz, Marie-Am\u00e9lie Boni (Zorn TT), Luana Martin (Schiltigheim TT) ou Valentin Wolf (Concordia Eckbolsheim).<\/p>\n<p>Quatre ans apr\u00e8s la victoire de sa s\u0153ur Sol\u00e8ne, M\u00e9lissa Haushalter fera elle aussi partie des pr\u00e9tendantes au podium chez les filles n\u00e9es en 2000. L&#8217;an dernier, elle avait chut\u00e9 en seizi\u00e8me de finale avant de se hisser jusqu&#8217;en finale du tableau consolant pour finir 18 e. Mais les Alsaciens et les Fran\u00e7ais en g\u00e9n\u00e9ral ne seront pas seuls.<\/p>\n<p>Lors de la derni\u00e8re \u00e9dition, la Roumanie avait obtenu une m\u00e9daille (dont un titre) dans chaque cat\u00e9gorie. Le pays a depuis confirm\u00e9 qu&#8217;il poss\u00e9dait de jeunes talents lors des derniers championnats d&#8217;Europe des jeunes en Autriche en remportant de nombreux titres, dont trois pour la seule Bernadette Szocs, vainqueur&#8230; des Euro Mini Champ&#8217;s en 2007.<\/p>\n<p>&nbsp;<\/p>\n<p>Le rendez-vous schilikois sera une nouvelle fois un marqueur pour la suite, l&#8217;occasion de croiser les champions de demain.<\/p>\n<p>&nbsp;<\/p>\n<p><em>DNA &#8211; 13\/08\/2012 &#8211;\u00a0Thibaut Gagnepain<\/em><\/p>\n<\/div>\n<p><\/p>","protected":false},"excerpt":{"rendered":"<p>Sorry, this entry is only available in Fran\u00e7ais.Les raquettes sont pour l&#8217;heure encore bien au chaud dans les pochettes et les balles entass\u00e9es dans les&hellip;<\/p>\n","protected":false},"author":2,"featured_media":0,"comment_status":"closed","ping_status":"open","sticky":false,"template":"","format":"standard","meta":{"footnotes":""},"categories":[3],"tags":[],"class_list":["post-466","post","type-post","status-publish","format-standard","hentry","category-news"],"_links":{"self":[{"href":"https:\/\/www.eurominichamps.com\/en\/wp-json\/wp\/v2\/posts\/466","targetHints":{"allow":["GET"]}}],"collection":[{"href":"https:\/\/www.eurominichamps.com\/en\/wp-json\/wp\/v2\/posts"}],"about":[{"href":"https:\/\/www.eurominichamps.com\/en\/wp-json\/wp\/v2\/types\/post"}],"author":[{"embeddable":true,"href":"https:\/\/www.eurominichamps.com\/en\/wp-json\/wp\/v2\/users\/2"}],"replies":[{"embeddable":true,"href":"https:\/\/www.eurominichamps.com\/en\/wp-json\/wp\/v2\/comments?post=466"}],"version-history":[{"count":0,"href":"https:\/\/www.eurominichamps.com\/en\/wp-json\/wp\/v2\/posts\/466\/revisions"}],"wp:attachment":[{"href":"https:\/\/www.eurominichamps.com\/en\/wp-json\/wp\/v2\/media?parent=466"}],"wp:term":[{"taxonomy":"category","embeddable":true,"href":"https:\/\/www.eurominichamps.com\/en\/wp-json\/wp\/v2\/categories?post=466"},{"taxonomy":"post_tag","embeddable":true,"href":"https:\/\/www.eurominichamps.com\/en\/wp-json\/wp\/v2\/tags?post=466"}],"curies":[{"name":"wp","href":"https:\/\/api.w.org\/{rel}","templated":true}]}}