{"id":316,"date":"2013-08-18T19:20:10","date_gmt":"2013-08-18T18:20:10","guid":{"rendered":"http:\/\/www.eurominichamps.com\/?p=316"},"modified":"2015-08-26T12:10:33","modified_gmt":"2015-08-26T11:10:33","slug":"lalsace","status":"publish","type":"post","link":"https:\/\/www.eurominichamps.com\/en\/2013\/08\/18\/lalsace\/","title":{"rendered":"L&#8217;Alsace"},"content":{"rendered":"<p class=\"qtranxs-available-languages-message qtranxs-available-languages-message-en\">Sorry, this entry is only available in <a href=\"https:\/\/www.eurominichamps.com\/fr\/wp-json\/wp\/v2\/posts\/316\" class=\"qtranxs-available-language-link qtranxs-available-language-link-fr\" title=\"Fran\u00e7ais\">Fran\u00e7ais<\/a>.<\/p><p><\/p>\n<div id=\"NewsPostDetailContent\">\n<p><img loading=\"lazy\" decoding=\"async\" src=\"http:\/\/www.eurominichamps.com\/uploads\/images\/actu\/l_alsace.jpg\" alt=\"\" width=\"200\" height=\"200\" \/><\/p>\n<p class=\"sousTitre\">LES EURO MINI CHAMP&#8217;S FIN AO\u00dbT \u00c0 SCHILTIGHEIM<\/p>\n<p>Les jeunes prodiges du tennis de table se retrouveront cet \u00e9t\u00e9 \u00e0 Schiltigheim, lors de la 9e \u00e9dition des Euro Mini Champ&#8217;s pr\u00e9vue du 23 au 25 ao\u00fbt.<br \/>\n\u00c0 l&#8217;instar du tournoi des \u00ab Petits As \u00bb en tennis, la F\u00e9d\u00e9ration Fran\u00e7aise de tennis de table (FFTT) propose une \u00e9preuve individuelle \u00e0 vocation europ\u00e9enne pour de tr\u00e8s jeunes joueurs.<\/p>\n<p>Le tournoi des Euro Mini Champ&#8217;s (EMC) rassemblera des gar\u00e7ons et des filles n\u00e9s en 2001, 2002 et 2003 aux gymnases des Malteries et Leclerc.<\/p>\n<p>&nbsp;<\/p>\n<p><img loading=\"lazy\" decoding=\"async\" src=\"http:\/\/www.eurominichamps.com\/uploads\/images\/news2013\/les-euro-mini-champ-s-de-schiltigheim-permettent-a-la-federation-de-detecter-les-tres-jeunes-talents-archives-jean-marc-loos.jpg\" alt=\"\" width=\"300\" height=\"530\" \/><\/p>\n<p><em>Les Eurominichamp&#8217;s de Schiltigheim permettent \u00e0 la f\u00e9d\u00e9ration de d\u00e9tecter les tr\u00e8s jeunes talents.<br \/>\nArchives Jean-Marc Loos<\/em><\/p>\n<p>&nbsp;<\/p>\n<p>32 nations europ\u00e9ennes et hors Europe sont attendues cette ann\u00e9e (31 en 2008, 40 en 2009, 2010, 41 en 2012). Pas loin de 500 gar\u00e7ons et filles de 10 \u00e0 12 ans s&#8217;affronteront pendant trois jours et partageront leur passion.<\/p>\n<p>Ce tournoi est un des rendez-vous majeurs du programme de d\u00e9tection de tr\u00e8s jeunes enfants de la FFTT. Il a pour objectif de former des sportifs de tr\u00e8s haut niveau qui seront comp\u00e9titifs \u00e0 l&#8217;\u00e9chelle internationale. Les bons r\u00e9sultats actuels de l&#8217;\u00e9lite jeune europ\u00e9enne semblent montrer que ce type de manifestation porte ses fruits.<\/p>\n<p>&nbsp;<\/p>\n<p>La participation de nombreux joueurs et joueuses du monde entier sera une nouvelle fois l&#8217;attraction de cette 9e \u00e9dition qui se d\u00e9roulera en pr\u00e9sence du nouveau Directeur technique national, Pascal Berrest.<\/p>\n<\/div>\n<p><\/p>","protected":false},"excerpt":{"rendered":"<p>Sorry, this entry is only available in Fran\u00e7ais. LES EURO MINI CHAMP&#8217;S FIN AO\u00dbT \u00c0 SCHILTIGHEIM Les jeunes prodiges du tennis de table se retrouveront&hellip;<\/p>\n","protected":false},"author":2,"featured_media":0,"comment_status":"closed","ping_status":"open","sticky":false,"template":"","format":"standard","meta":{"footnotes":""},"categories":[7],"tags":[],"class_list":["post-316","post","type-post","status-publish","format-standard","hentry","category-medias"],"_links":{"self":[{"href":"https:\/\/www.eurominichamps.com\/en\/wp-json\/wp\/v2\/posts\/316","targetHints":{"allow":["GET"]}}],"collection":[{"href":"https:\/\/www.eurominichamps.com\/en\/wp-json\/wp\/v2\/posts"}],"about":[{"href":"https:\/\/www.eurominichamps.com\/en\/wp-json\/wp\/v2\/types\/post"}],"author":[{"embeddable":true,"href":"https:\/\/www.eurominichamps.com\/en\/wp-json\/wp\/v2\/users\/2"}],"replies":[{"embeddable":true,"href":"https:\/\/www.eurominichamps.com\/en\/wp-json\/wp\/v2\/comments?post=316"}],"version-history":[{"count":0,"href":"https:\/\/www.eurominichamps.com\/en\/wp-json\/wp\/v2\/posts\/316\/revisions"}],"wp:attachment":[{"href":"https:\/\/www.eurominichamps.com\/en\/wp-json\/wp\/v2\/media?parent=316"}],"wp:term":[{"taxonomy":"category","embeddable":true,"href":"https:\/\/www.eurominichamps.com\/en\/wp-json\/wp\/v2\/categories?post=316"},{"taxonomy":"post_tag","embeddable":true,"href":"https:\/\/www.eurominichamps.com\/en\/wp-json\/wp\/v2\/tags?post=316"}],"curies":[{"name":"wp","href":"https:\/\/api.w.org\/{rel}","templated":true}]}}