{"id":2895,"date":"2022-08-27T06:36:13","date_gmt":"2022-08-27T05:36:13","guid":{"rendered":"https:\/\/www.eurominichamps.com\/?p=2895"},"modified":"2022-08-27T06:37:23","modified_gmt":"2022-08-27T05:37:23","slug":"dna-2022-claude-bergeret-la-memoire-vivante","status":"publish","type":"post","link":"https:\/\/www.eurominichamps.com\/en\/2022\/08\/27\/dna-2022-claude-bergeret-la-memoire-vivante\/","title":{"rendered":"DNA 2022 | Claude Bergeret, la m\u00e9moire vivante"},"content":{"rendered":"<p>Ancienne directrice des Euro Mini Champ\u2019s pendant douze ans, Claude Bergeret est toujours fid\u00e8le \u00e0 la comp\u00e9tition. La jeune retrait\u00e9e de 68 ans est pr\u00e9sente cette ann\u00e9e en tant que responsable de l\u2019accueil des d\u00e9l\u00e9gations \u00e9trang\u00e8res.<\/p>\n<p>On ne va pas se mentir. Pour rencontrer une championne avec un tel palmar\u00e8s, une carri\u00e8re aussi longue et un tel amour de son sport, il faut pr\u00e9voir un peu de temps devant soi. Il est s\u00fbr que la discussion sera beaucoup plus longue qu\u2019une partie de tennis de table face \u00e0 la multiple championne de France.<\/p>\n<p><strong>\u00ab\u00a0Cela a pris de l\u2019ampleur gr\u00e2ce \u00e0 la formule sportive\u00a0\u00bb<\/strong><\/p>\n<p>\u00c0 68 ans, Claude Bergeret a tout connu et elle a m\u00eame atteint le Graal en remportant le titre de championne du monde en double mixte avec Jacques Secr\u00e9tin en 1977.<\/p>\n<p>Apr\u00e8s une belle carri\u00e8re au plus haut niveau, elle a \u00e9t\u00e9 entra\u00eeneur national puis, entre autres, charg\u00e9e des relations internationales \u00e0 la F\u00e9d\u00e9ration Fran\u00e7aise de tennis de table. Voil\u00e0 ce qui l\u2019a conduit \u00e0 diriger les Euro Mini Champ\u2019s pendant douze ans, jusqu\u2019en 2019.<\/p>\n<p>Difficile d\u2019\u00eatre mieux plac\u00e9 qu\u2019elle pour conna\u00eetre la recette du succ\u00e8s des EMC, r\u00e9serv\u00e9s d\u00e9sormais aux jeunes talents de moins de 11 ans et de moins de 13 ans, au fil des ann\u00e9es.<\/p>\n<p>\u00ab\u00a0Je ne me souviens plus trop des d\u00e9buts mais cela a pris de l\u2019ampleur gr\u00e2ce \u00e0 la formule sportive, affirme Claude Bergeret. Les joueurs jouent beaucoup de matches pendant trois jours et cela leur permet d\u2019emmagasiner de l\u2019exp\u00e9rience. Il y a aussi le bon accueil des gens \u00e0 Schiltigheim. Et enfin le bouche-\u00e0-oreille. Les d\u00e9l\u00e9gations qui viennent sont contentes et le r\u00e9p\u00e8tent.\u00a0On a aussi bien \u00e9volu\u00e9 pour faire une comp\u00e9tition attractive et faire en sorte que les jeunes reviennent.\u00a0\u00bb<\/p>\n<p>Forc\u00e9ment, la jeune retrait\u00e9e, depuis un an, d\u00e9sormais remplac\u00e9e par Guillaume Simonin \u00e0 la t\u00eate des Euro Mini Champ\u2019s, tenait \u00e0 \u00eatre pr\u00e9sente quoi qu\u2019il arrive. \u00ab\u00a0Guillaume voulait que je sois \u00e0 ses c\u00f4t\u00e9s, explique l\u2019Ann\u00e9cienne d\u2019origine qui navigue d\u00e9sormais entre Paris et Malaga. Mais m\u00eame si le comit\u00e9 d\u2019organisation ne m\u2019avait pas appel\u00e9e, je serais venue en spectatrice. J\u2019aime la salle, j\u2019aime la comp\u00e9tition et j\u2019aime la ville de Strasbourg.\u00a0\u00bb<\/p>\n<p>L\u2019ancienne championne a forc\u00e9ment quelques souvenirs de ses aventures schilikoises \u00e0 partager.<\/p>\n<p><strong>\u00ab\u00a0C\u2019\u00e9tait super, je restais juste pour \u00e7a\u00a0\u00bb<\/strong><\/p>\n<p>\u00ab\u00a0Sportivement, il y a les deux victoires de suite de Marie Migot (\u00a0<em>en\u00a02009 et\u00a02010, NDLR<\/em>\u00a0), elles m\u2019ont vraiment marqu\u00e9e, lance la b\u00e9n\u00e9vole. Parce que c\u2019est une Fran\u00e7aise mais aussi une fille. Ces victoires repr\u00e9sentaient beaucoup de choses. Je me souviens aussi des f\u00eates du dimanche soir \u00e0 la fin de la comp\u00e9tition o\u00f9 l\u2019on se r\u00e9unissait pour d\u00e9compresser autour de sp\u00e9cialit\u00e9s alsaciennes. C\u2019\u00e9tait super, je restais juste pour \u00e7a.\u00a0\u00bb<\/p>\n<p>Tr\u00e8s investie dans l\u2019organisation, elle porte aussi un regard int\u00e9ress\u00e9 sur les jeunes pongistes pr\u00e9sents au gymnase Mandela jusqu\u2019\u00e0 ce dimanche. \u00ab\u00a0Le niveau de la comp\u00e9tition a augment\u00e9 au fil des ann\u00e9es, souligne Claude Bergeret. Ce sont tous de tr\u00e8s bons joueurs et joueuses. C\u2019est vraiment l\u2019\u00e9preuve phare pour les jeunes talents.\u00a0\u00bb<\/p>\n<p>Par\u00a0<strong>Olivier ARNAL<\/strong>\u00a0\u2013\u00a0le 27 ao\u00fbt 2022<\/p>\n","protected":false},"excerpt":{"rendered":"<p>Ancienne directrice des Euro Mini Champ\u2019s pendant douze ans, Claude Bergeret est toujours fid\u00e8le \u00e0 la comp\u00e9tition. La jeune retrait\u00e9e de 68 ans est pr\u00e9sente&hellip;<\/p>\n","protected":false},"author":2,"featured_media":2897,"comment_status":"closed","ping_status":"open","sticky":false,"template":"","format":"standard","meta":{"footnotes":""},"categories":[7],"tags":[],"class_list":["post-2895","post","type-post","status-publish","format-standard","has-post-thumbnail","hentry","category-medias"],"_links":{"self":[{"href":"https:\/\/www.eurominichamps.com\/en\/wp-json\/wp\/v2\/posts\/2895","targetHints":{"allow":["GET"]}}],"collection":[{"href":"https:\/\/www.eurominichamps.com\/en\/wp-json\/wp\/v2\/posts"}],"about":[{"href":"https:\/\/www.eurominichamps.com\/en\/wp-json\/wp\/v2\/types\/post"}],"author":[{"embeddable":true,"href":"https:\/\/www.eurominichamps.com\/en\/wp-json\/wp\/v2\/users\/2"}],"replies":[{"embeddable":true,"href":"https:\/\/www.eurominichamps.com\/en\/wp-json\/wp\/v2\/comments?post=2895"}],"version-history":[{"count":1,"href":"https:\/\/www.eurominichamps.com\/en\/wp-json\/wp\/v2\/posts\/2895\/revisions"}],"predecessor-version":[{"id":2896,"href":"https:\/\/www.eurominichamps.com\/en\/wp-json\/wp\/v2\/posts\/2895\/revisions\/2896"}],"wp:featuredmedia":[{"embeddable":true,"href":"https:\/\/www.eurominichamps.com\/en\/wp-json\/wp\/v2\/media\/2897"}],"wp:attachment":[{"href":"https:\/\/www.eurominichamps.com\/en\/wp-json\/wp\/v2\/media?parent=2895"}],"wp:term":[{"taxonomy":"category","embeddable":true,"href":"https:\/\/www.eurominichamps.com\/en\/wp-json\/wp\/v2\/categories?post=2895"},{"taxonomy":"post_tag","embeddable":true,"href":"https:\/\/www.eurominichamps.com\/en\/wp-json\/wp\/v2\/tags?post=2895"}],"curies":[{"name":"wp","href":"https:\/\/api.w.org\/{rel}","templated":true}]}}