{"id":2843,"date":"2022-08-26T11:33:46","date_gmt":"2022-08-26T10:33:46","guid":{"rendered":"http:\/\/www.eurominichamps.com\/?p=2843"},"modified":"2022-08-26T11:33:46","modified_gmt":"2022-08-26T10:33:46","slug":"dna-2022-dans-loeil-des-specialistes","status":"publish","type":"post","link":"https:\/\/www.eurominichamps.com\/en\/2022\/08\/26\/dna-2022-dans-loeil-des-specialistes\/","title":{"rendered":"DNA 2022 | Dans l\u2019\u0153il des sp\u00e9cialistes"},"content":{"rendered":"<p>Conseiller technique national adjoint, charg\u00e9 de la d\u00e9tection, et ancien entra\u00eeneur national des \u00e9quipes de France juniors et seniors, St\u00e9phane Hucliez sera l\u2019un des observateurs avis\u00e9s des Euro Mini Champ\u2019s qui d\u00e9butent ce vendredi \u00e0 Schiltigheim.<\/p>\n<p>Pr\u00e8s de 380 joueurs venus de 31 pays diff\u00e9rents vont s\u2019affronter pendant trois jours au gymnase Mandela \u00e0 Schiltigheim. Les Euro Mini Champ\u2019s font leur grand retour ce vendredi et la comp\u00e9tition va faire rage entre les meilleurs pongistes fran\u00e7ais et europ\u00e9ens, mais aussi les quatre invit\u00e9s japonais, dans les cat\u00e9gories des moins de 11 ans et des moins de 13 ans.<\/p>\n<p><strong>\u00ab\u00a0Une comp\u00e9tition r\u00e9v\u00e9latrice pour les g\u00e9n\u00e9rations futures\u00a0\u00bb<\/strong><\/p>\n<p>Ils seront nombreux dans les tribunes \u00e0 encourager et surtout \u00e0 observer les futurs grands noms du tennis de table. Parmi eux, St\u00e9phane Hucliez, conseiller technique national adjoint, charg\u00e9 de la d\u00e9tection avec Guillaume Simonin, l\u2019actuel patron des Euro Mini Champ\u2019s, et Cl\u00e9mence Boutefeu, prendra place tout en haut des tribunes afin d\u2019avoir un vrai regard sur les jeunes comp\u00e9titeurs engag\u00e9s sur les trois jours. \u00ab\u00a0Les Euro Mini Champ\u2019s sont une comp\u00e9tition r\u00e9v\u00e9latrice pour les g\u00e9n\u00e9rations futures, lance-t-il. Quand vous la gagnez, c\u2019est que vous avez un potentiel int\u00e9ressant. Elle permet de se jauger par rapport \u00e0 la concurrence europ\u00e9enne et m\u00eame mondiale, surtout quand, comme cette ann\u00e9e, des Japonais sont pr\u00e9sents.\u00a0\u00bb<\/p>\n<p>Ancien entra\u00eeneur national de 2003 \u00e0 2013 \u2013 il a notamment encadr\u00e9 l\u2019\u00e9quipe de France seniors lors des JO de Londres en 2012 \u2013, St\u00e9phane Hucliez sait que cette comp\u00e9tition est un passage oblig\u00e9 pour les jeunes tricolores. \u00ab\u00a0On fixe des objectifs de performance \u00e0 nos jeunes pour leur permettre de se pr\u00e9parer aux grandes comp\u00e9titions internationales en cadets puis en juniors. Les Euro Mini Champ\u2019s font partie du d\u00e9marrage d\u2019une carri\u00e8re dans le haut niveau pour les U\u00a011 et U\u00a013\u00a0\u00bb, ajoute le CTN, \u00e9galement coach de Rouen en seniors.<\/p>\n<p><strong>Les filles sont \u00e0 suivre de pr\u00e8s<\/strong><\/p>\n<p>Pendant trois jours, jusqu\u2019\u00e0 dimanche, cinq pongistes (trois filles et deux gar\u00e7ons) \u2013 qui font partie des 150 Fran\u00e7ais pr\u00e9sents ce week-end \u2013 \u00e9volueront avec le maillot de l\u2019\u00e9quipe de France sur le dos. Les meilleures chances de victoires pour les petits Bleus viendront des jeunes filles et notamment de Lisa Zhao en U\u00a011 et de Nina Guo Zheng en U\u00a013. \u00ab\u00a0Le niveau des filles est tr\u00e8s bon, poursuit St\u00e9phane Hucliez. Chez les gar\u00e7ons, le niveau d\u2019ensemble est int\u00e9ressant mais ils ne partent pas favoris du tout. On esp\u00e8re qu\u2019ils puissent performer et qu\u2019ils aillent le plus loin possible.\u00a0\u00bb<\/p>\n<p>La comp\u00e9tition s\u2019annonce acharn\u00e9e puisque les \u00ab\u00a0meilleurs de chaque pays seront pr\u00e9sents et il y a aussi les Japonais\u00a0\u00bb, comme il le souligne ensuite. \u00ab\u00a0On voit les Japonais \u00e0 l\u2019entra\u00eenement depuis quelques jours et il y a par exemple un joueur de 10 ans chez eux qui est vraiment impressionnant. En discutant avec les coaches, on a su qu\u2019ils s\u2019entra\u00eenaient quarante-trois heures par semaine\u00a0! Ce sera super int\u00e9ressant pour tout le monde de les rencontrer, et notamment pour nos filles.\u00a0\u00bb<\/p>\n<p>Par\u00a0<strong>Olivier ARNAL<\/strong>\u00a0\u2013\u00a025\/08\/2022<\/p>\n","protected":false},"excerpt":{"rendered":"<p>Conseiller technique national adjoint, charg\u00e9 de la d\u00e9tection, et ancien entra\u00eeneur national des \u00e9quipes de France juniors et seniors, St\u00e9phane Hucliez sera l\u2019un des observateurs&hellip;<\/p>\n","protected":false},"author":2,"featured_media":2845,"comment_status":"closed","ping_status":"open","sticky":false,"template":"","format":"standard","meta":{"footnotes":""},"categories":[7],"tags":[],"class_list":["post-2843","post","type-post","status-publish","format-standard","has-post-thumbnail","hentry","category-medias"],"_links":{"self":[{"href":"https:\/\/www.eurominichamps.com\/en\/wp-json\/wp\/v2\/posts\/2843","targetHints":{"allow":["GET"]}}],"collection":[{"href":"https:\/\/www.eurominichamps.com\/en\/wp-json\/wp\/v2\/posts"}],"about":[{"href":"https:\/\/www.eurominichamps.com\/en\/wp-json\/wp\/v2\/types\/post"}],"author":[{"embeddable":true,"href":"https:\/\/www.eurominichamps.com\/en\/wp-json\/wp\/v2\/users\/2"}],"replies":[{"embeddable":true,"href":"https:\/\/www.eurominichamps.com\/en\/wp-json\/wp\/v2\/comments?post=2843"}],"version-history":[{"count":1,"href":"https:\/\/www.eurominichamps.com\/en\/wp-json\/wp\/v2\/posts\/2843\/revisions"}],"predecessor-version":[{"id":2846,"href":"https:\/\/www.eurominichamps.com\/en\/wp-json\/wp\/v2\/posts\/2843\/revisions\/2846"}],"wp:featuredmedia":[{"embeddable":true,"href":"https:\/\/www.eurominichamps.com\/en\/wp-json\/wp\/v2\/media\/2845"}],"wp:attachment":[{"href":"https:\/\/www.eurominichamps.com\/en\/wp-json\/wp\/v2\/media?parent=2843"}],"wp:term":[{"taxonomy":"category","embeddable":true,"href":"https:\/\/www.eurominichamps.com\/en\/wp-json\/wp\/v2\/categories?post=2843"},{"taxonomy":"post_tag","embeddable":true,"href":"https:\/\/www.eurominichamps.com\/en\/wp-json\/wp\/v2\/tags?post=2843"}],"curies":[{"name":"wp","href":"https:\/\/api.w.org\/{rel}","templated":true}]}}