{"id":2542,"date":"2019-08-27T08:21:58","date_gmt":"2019-08-27T07:21:58","guid":{"rendered":"http:\/\/www.eurominichamps.com\/?p=2542"},"modified":"2019-08-27T08:21:58","modified_gmt":"2019-08-27T07:21:58","slug":"jorgen-persson-pour-lamour-du-jeu-dna-2019","status":"publish","type":"post","link":"https:\/\/www.eurominichamps.com\/en\/2019\/08\/27\/jorgen-persson-pour-lamour-du-jeu-dna-2019\/","title":{"rendered":"J\u00f6rgen Persson, pour l&#8217;amour du jeu &#8211; DNA 2019"},"content":{"rendered":"<p class=\"qtranxs-available-languages-message qtranxs-available-languages-message-en\">Sorry, this entry is only available in <a href=\"https:\/\/www.eurominichamps.com\/fr\/wp-json\/wp\/v2\/posts\/2542\" class=\"qtranxs-available-language-link qtranxs-available-language-link-fr\" title=\"Fran\u00e7ais\">Fran\u00e7ais<\/a>.<\/p><p><img loading=\"lazy\" decoding=\"async\" class=\"aligncenter size-large wp-image-2543\" src=\"http:\/\/www.eurominichamps.com\/wp-content\/uploads\/2019\/08\/IMG_7289-1024x683.jpg\" alt=\"\" width=\"600\" height=\"400\" srcset=\"https:\/\/www.eurominichamps.com\/wp-content\/uploads\/2019\/08\/IMG_7289-1024x683.jpg 1024w, https:\/\/www.eurominichamps.com\/wp-content\/uploads\/2019\/08\/IMG_7289-300x200.jpg 300w, https:\/\/www.eurominichamps.com\/wp-content\/uploads\/2019\/08\/IMG_7289-768x512.jpg 768w, https:\/\/www.eurominichamps.com\/wp-content\/uploads\/2019\/08\/IMG_7289-600x400.jpg 600w\" sizes=\"auto, (max-width: 600px) 100vw, 600px\" \/><\/p>\n<p><em>Dna, Dimanche le 25 Aout 2019\u00a0<\/em><\/p>\n<p><strong>Parrain de la 15e \u00e9dition des Euro Mini Champ&#8217;s, J\u00f6rgen Persson est un amoureux de son sport. Depuis l&#8217;arr\u00eat de sa carri\u00e8re en 2012, le champion du monde su\u00e9dois demeure un des trois seuls pongistes \u00e0 avoir particip\u00e9 \u00e0 sept olympiades.<\/p>\n<p><\/strong><\/p>\n<p>Il n&#8217;a pas fallu longtemps pour \u00e9valuer la popularit\u00e9 du Su\u00e9dois J\u00f6rgen Persson dans le petit monde du\u00a0tennis\u00a0de\u00a0table. \u00c0 peine arriv\u00e9 au complexe Nelson-Mandela de Schiltigheim o\u00f9 se d\u00e9roulent tout le week-end les Euro Mini Champ&#8217;s, l&#8217;ancien champion du monde est devenu la cible prioritaire des participants avides de selfies.<\/p>\n<p>Mais il en faut plus pour troubler la d\u00e9contraction du parrain de la 15e \u00e9dition, \u00e0 l&#8217;aise dans son short de sport, et qui ne serait pas contre l&#8217;id\u00e9e d&#8217;aller user les tables schilikoises. \u00ab J&#8217;aurais aim\u00e9 avoir 40 ans de moins \u00bb, admet celui qui en a eu 53 en avril dernier.<\/p>\n<p><strong>Champion du monde en 1991<\/strong><\/p>\n<p>La passion est palpable lorsqu&#8217;il parle du sport dans lequel il excellait. \u00ab Tout doit venir d&#8217;ici, explique-t-il en se tapant le coeur. J&#8217;ai pris ma retraite mais je continue \u00e0 jouer. Parfois c&#8217;est un peu frustrant car j&#8217;essaie encore d&#8217;am\u00e9liorer mon jeu mais mon corps ne suit plus \u00bb, rigole le pongiste qui flirte avec le m\u00e8tre quatre-vingt dix sous la toise.<\/p>\n<p>Les yeux du Scandinave p\u00e9tillent lorsqu&#8217;il \u00e9voque ses jeunes ann\u00e9es et ce stage d&#8217;entra\u00eenement o\u00f9 il avait eu la chance de c\u00f4toyer Stellan Bengtsson, un de ses idoles de toujours, le premier champion du monde su\u00e9dois en 1971.<\/p>\n<p>Vingt ans plus tard, en 1991, J\u00f6rgen Persson est \u00e0 son tour sur le toit du monde : \u00ab C&#8217;est un des deux plus beaux moments de ma carri\u00e8re avec ma victoire au championnat d&#8217;Europe cadets. J&#8217;avais 14 ans, \u00e0 l&#8217;\u00e9poque \u00e7a signifiait beaucoup pour moi \u00bb.<\/p>\n<p><strong>Federer, Messi et Magic Johnsson<\/strong><\/p>\n<p>Dans une carri\u00e8re longue de plus de 25 ans, le Su\u00e9dois a pourtant tutoy\u00e9 les cimes du\u00a0tennis\u00a0de\u00a0table. Il est \u00e0 ce jour, un des trois seuls pongistes \u00e0 avoir disput\u00e9 sept \u00e9ditions des Jeux Olympiques entre\u00a01988 et\u00a02012.<\/p>\n<p>Le Su\u00e9dois a atteint deux fois les demi-finales, en 2000 et en 2008 sans parvenir \u00e0 d\u00e9crocher une m\u00e9daille. \u00ab \u00c7a reste encore aujourd&#8217;hui le plus gros regret de ma carri\u00e8re \u00bb, assure J\u00f6rgen Persson qui a m\u00eame song\u00e9 \u00e0 participer aux Jeux de Rio \u00e0 50 ans : \u00ab J&#8217;ai pr\u00e9f\u00e9r\u00e9 ne pas le faire car je ne me sentais pas en mesure de pouvoir jouer la m\u00e9daille \u00bb.<\/p>\n<p>En sept participations aux JO, la l\u00e9gende a crois\u00e9 du beau monde au village olympique, comme le basketteur am\u00e9ricain Magic Johnson, pilier de la\u00a0Dream Team\u00a0en 1992 \u00e0 Barcelone.<\/p>\n<p>\u00ab En 2008, j&#8217;ai crois\u00e9 Lionel Messi, raconte l&#8217;enfant du\u00a0tennis\u00a0de\u00a0table. Il n&#8217;\u00e9tait pas aussi connu qu&#8217;aujourd&#8217;hui. Un de mes amis avait pris une photo avec lui, je regrette de ne pas avoir fait pareil. \u00bb<\/p>\n<p>Aux Jeux de Sydney, en 2000, le pongiste parvient \u00e0 acc\u00e9der \u00e0 l&#8217;espace r\u00e9serv\u00e9 aux tennismen et c\u00f4toie Serena Williams et Roger Federer. \u00ab Cette ann\u00e9e-l\u00e0, on avait les m\u00eames accr\u00e9ditations que les tennismen, pr\u00e9cise J\u00f6rgen Persson. On avait cach\u00e9 le mot &#8220;table&#8221; sur notre carton et le personnel nous avait accept\u00e9s chez les tennismen. \u00bb<\/p>\n<p><strong>\u00c2me d&#8217;enfant<\/strong><\/p>\n<p>D\u00e9sormais en charge de l&#8217;\u00e9quipe nationale su\u00e9doise, l&#8217;ancien champion pourrait \u00eatre pr\u00e9sent \u00e0 Tokyo en 2020 si son contrat est reconduit.<\/p>\n<p>Depuis la fin de sa carri\u00e8re, il occupe \u00e9galement des fonctions \u00e0 la f\u00e9d\u00e9ration internationale de\u00a0tennis\u00a0de\u00a0table\u00a0et a m\u00eame pris le temps de sortir un livre (uniquement disponible en su\u00e9dois) qui revient sur sa carri\u00e8re de joueur.<\/p>\n<p>L&#8217;ancien champion du monde est d&#8217;ailleurs tout content de montrer une photo de la vitrine de la librairie de Halmstad, sa ville natale, o\u00f9 son livre figure en bonne place. \u00ab Regardez il a compl\u00e8tement \u00e9clips\u00e9 celui de Zlatan \u00bb, s&#8217;amuse J\u00f6rgen Persson qui a d\u00e9finitivement gard\u00e9 son \u00e2me d&#8217;enfant.<\/p>\n<p><em>Nicolas GRELLIER La journ\u00e9e de samedi en bref Fortunes diverses pour les Fran\u00e7ais, qui seront six en quart de finale chez les moins de 11 ans gar\u00e7on. En moins de 12 ans \u00e7a passe pour Flavio Mourier mais \u00e7a casse pour Nathan Lam qui a perdu contre l&#8217;Am\u00e9ricain Tran. Qualification pour les quarts de Ga\u00ebtane Bled en moins de 11 ans filles. Dans la cat\u00e9gorie sup\u00e9rieure, la finaliste de l&#8217;an dernier, \u00c9lise Pujol, s&#8217;arr\u00eate en huiti\u00e8mes. Sur les quatre pongistes japonais en lice, trois seront en quarts, aujourd&#8217;hui d\u00e8s 9h. Les finales se d\u00e9rouleront \u00e0 partir de 15h45.<\/em><\/p>\n<p><a href=\"http:\/\/www.eurominichamps.com\/wp-content\/uploads\/2019\/08\/2019.08.25-Jorgen-Persson-pour-lamour-du-jeu.pdf\" class=\"mtli_attachment mtli_pdf\">2019.08.25 &#8211; Jorgen Persson pour l&#8217;amour du jeu<\/a><\/p>\n<p>&nbsp;<\/p>","protected":false},"excerpt":{"rendered":"<p>Sorry, this entry is only available in Fran\u00e7ais. Dna, Dimanche le 25 Aout 2019\u00a0 Parrain de la 15e \u00e9dition des Euro Mini Champ&#8217;s, J\u00f6rgen Persson&hellip;<\/p>\n","protected":false},"author":2,"featured_media":2543,"comment_status":"closed","ping_status":"open","sticky":false,"template":"","format":"standard","meta":{"footnotes":""},"categories":[7],"tags":[],"class_list":["post-2542","post","type-post","status-publish","format-standard","has-post-thumbnail","hentry","category-medias"],"_links":{"self":[{"href":"https:\/\/www.eurominichamps.com\/en\/wp-json\/wp\/v2\/posts\/2542","targetHints":{"allow":["GET"]}}],"collection":[{"href":"https:\/\/www.eurominichamps.com\/en\/wp-json\/wp\/v2\/posts"}],"about":[{"href":"https:\/\/www.eurominichamps.com\/en\/wp-json\/wp\/v2\/types\/post"}],"author":[{"embeddable":true,"href":"https:\/\/www.eurominichamps.com\/en\/wp-json\/wp\/v2\/users\/2"}],"replies":[{"embeddable":true,"href":"https:\/\/www.eurominichamps.com\/en\/wp-json\/wp\/v2\/comments?post=2542"}],"version-history":[{"count":1,"href":"https:\/\/www.eurominichamps.com\/en\/wp-json\/wp\/v2\/posts\/2542\/revisions"}],"predecessor-version":[{"id":2545,"href":"https:\/\/www.eurominichamps.com\/en\/wp-json\/wp\/v2\/posts\/2542\/revisions\/2545"}],"wp:featuredmedia":[{"embeddable":true,"href":"https:\/\/www.eurominichamps.com\/en\/wp-json\/wp\/v2\/media\/2543"}],"wp:attachment":[{"href":"https:\/\/www.eurominichamps.com\/en\/wp-json\/wp\/v2\/media?parent=2542"}],"wp:term":[{"taxonomy":"category","embeddable":true,"href":"https:\/\/www.eurominichamps.com\/en\/wp-json\/wp\/v2\/categories?post=2542"},{"taxonomy":"post_tag","embeddable":true,"href":"https:\/\/www.eurominichamps.com\/en\/wp-json\/wp\/v2\/tags?post=2542"}],"curies":[{"name":"wp","href":"https:\/\/api.w.org\/{rel}","templated":true}]}}