{"id":210,"date":"2014-08-24T08:22:37","date_gmt":"2014-08-24T07:22:37","guid":{"rendered":"http:\/\/www.eurominichamps.com\/?p=210"},"modified":"2015-05-12T21:19:27","modified_gmt":"2015-05-12T20:19:27","slug":"english-dans-loeil-de-jules","status":"publish","type":"post","link":"https:\/\/www.eurominichamps.com\/en\/2014\/08\/24\/english-dans-loeil-de-jules\/","title":{"rendered":"Dans l\u2019\u0153il de Jules"},"content":{"rendered":"<p class=\"qtranxs-available-languages-message qtranxs-available-languages-message-en\">Sorry, this entry is only available in <a href=\"https:\/\/www.eurominichamps.com\/fr\/wp-json\/wp\/v2\/posts\/210\" class=\"qtranxs-available-language-link qtranxs-available-language-link-fr\" title=\"Fran\u00e7ais\">Fran\u00e7ais<\/a>.<\/p><p><\/p>\n<div id=\"NewsPostDetailContent\">\n<p><img loading=\"lazy\" decoding=\"async\" src=\"http:\/\/www.eurominichamps.com\/uploads\/images\/news2014\/dnalogo.jpg\" alt=\"\" width=\"200\" height=\"94\" \/><br \/>\nAu deuxi\u00e8me jour des Euro Mini Champ&#8217;s, rencontre avec Jules Cavaill\u00e9. Ce jeune pongiste n\u00e9 en 2002, engag\u00e9 dans la cat\u00e9gorie des -12 ans, en est d\u00e9j\u00e0 \u00e0 sa 4e participation.<\/p>\n<p>Lorsqu&#8217;on lui demande depuis combien de temps il joue au tennis de table, la question semble superflue, comme s&#8217;il n&#8217;y avait pas besoin de compter les ann\u00e9es. Apr\u00e8s de savants calculs avec ses camarades, il semblerait qu&#8217;il joue depuis cinq ans. Dont trois o\u00f9 il est appel\u00e9 par l&#8217;\u00e9quipe de France qui se r\u00e9unit r\u00e9guli\u00e8rement pour des stages nationaux.<\/p>\n<p class=\"sousTitre\"><strong>Objectif podium<\/strong><\/p>\n<p>Jules appr\u00e9cie. \u00ab C&#8217;est bien d&#8217;\u00eatre en stage, dit-il. \u00c7a permet de pouvoir jouer six heures par jour, dans mon club je n&#8217;aurais pas pu \u00bb. Et lorsqu&#8217;il arrive sur le terrain \u00e0 Schiltigheim, il pr\u00e9f\u00e8re porter haut les couleurs tricolores. \u00ab C&#8217;est mieux, d\u00e9j\u00e0 on repr\u00e9sente la France et les gens ont plus peur quand ils voient le maillot \u00bb, sourit-il.<\/p>\n<p>Le gar\u00e7on progresse chaque ann\u00e9e : \u00ab La premi\u00e8re fois, j&#8217;ai perdu en poules, la deuxi\u00e8me en 16es de finale et la troisi\u00e8me fois en quarts. Cette ann\u00e9e, je pense que je peux faire une m\u00e9daille \u00bb.<\/p>\n<p><img loading=\"lazy\" decoding=\"async\" src=\"http:\/\/www.eurominichamps.com\/uploads\/images\/news2014\/jules-cavaille-un-des-espoirs-du-ping-francais-photo-dna-marion-wendling.jpg\" alt=\"\" width=\"450\" height=\"253\" \/><\/p>\n<p><em>Jules Cavaill\u00e9, un des espoirs du &#8220;ping&#8221; fran\u00e7ais. Photo DNA &#8211; Marion Wendling<\/em><\/p>\n<p>Damien Loiseau, responsable du groupe France, confirme. \u00ab Il fait partie de ceux qui peuvent gagner, il a le potentiel \u00bb.<\/p>\n<p>\u00ab J&#8217;ai perdu qu&#8217;un seul set pour le moment \u00bb, confie Jules, apr\u00e8s six matchs disput\u00e9s. Pendant que la comp\u00e9tition bat son plein, il garde un \u0153il sur les matches. \u00ab J&#8217;ai l&#8217;impression qu&#8217;il y a plus d&#8217;\u00e9trangers que les ann\u00e9es d&#8217;avant, le niveau est plus \u00e9lev\u00e9 aussi \u00bb.<\/p>\n<p>L&#8217;ambiance du tournoi, en tout cas, le ravit. \u00ab C&#8217;est la derni\u00e8re ann\u00e9e que je participe, pr\u00e9cise-t-il. L&#8217;an prochain, je serai en minimes 2. Je vais entrer dans le p\u00f4le espoir de ma r\u00e9gion en Midi-Pyr\u00e9n\u00e9es. \u00bb<\/p>\n<p>Les caract\u00e9ristiques et le parcours de ce champion en herbe devraient lui permettre de poursuivre sa progression. \u00ab Quand Jules est arriv\u00e9, il \u00e9tait loin d&#8217;\u00eatre dans les meilleurs, mais on a d\u00e9tect\u00e9 un potentiel, dit Damien Loiseau. Son toucher de balle, ses qualit\u00e9s physiques et sa gestion du stress sont remarquables. Il vit ping-pong, il ne pense qu&#8217;\u00e0 \u00e7a. Quand il sort de l&#8217;entra\u00eenement, il regarde des vid\u00e9os sur internet. Une fois, il m&#8217;a dit : &#8221; Je veux \u00eatre gaucher comme Timo Boll (le champion multi-m\u00e9daill\u00e9 allemand) !&#8221; \u00bb Le petit droitier du Sud-Ouest a visiblement envie d&#8217;atteindre les sommets.<\/p>\n<p>Le tableau final se poursuivra ce matin \u00e0 partir de 8h30. Finales \u00e0 15h15. Aux Malteries de Schiltigheim<\/p>\n<p><em>DNA \u00a9 Claire Chevanne<\/em><\/p>\n<\/div>\n<p><\/p>","protected":false},"excerpt":{"rendered":"<p>Sorry, this entry is only available in Fran\u00e7ais. Au deuxi\u00e8me jour des Euro Mini Champ&#8217;s, rencontre avec Jules Cavaill\u00e9. Ce jeune pongiste n\u00e9 en 2002,&hellip;<\/p>\n","protected":false},"author":2,"featured_media":0,"comment_status":"closed","ping_status":"open","sticky":false,"template":"","format":"standard","meta":{"footnotes":""},"categories":[3],"tags":[],"class_list":["post-210","post","type-post","status-publish","format-standard","hentry","category-news"],"_links":{"self":[{"href":"https:\/\/www.eurominichamps.com\/en\/wp-json\/wp\/v2\/posts\/210","targetHints":{"allow":["GET"]}}],"collection":[{"href":"https:\/\/www.eurominichamps.com\/en\/wp-json\/wp\/v2\/posts"}],"about":[{"href":"https:\/\/www.eurominichamps.com\/en\/wp-json\/wp\/v2\/types\/post"}],"author":[{"embeddable":true,"href":"https:\/\/www.eurominichamps.com\/en\/wp-json\/wp\/v2\/users\/2"}],"replies":[{"embeddable":true,"href":"https:\/\/www.eurominichamps.com\/en\/wp-json\/wp\/v2\/comments?post=210"}],"version-history":[{"count":0,"href":"https:\/\/www.eurominichamps.com\/en\/wp-json\/wp\/v2\/posts\/210\/revisions"}],"wp:attachment":[{"href":"https:\/\/www.eurominichamps.com\/en\/wp-json\/wp\/v2\/media?parent=210"}],"wp:term":[{"taxonomy":"category","embeddable":true,"href":"https:\/\/www.eurominichamps.com\/en\/wp-json\/wp\/v2\/categories?post=210"},{"taxonomy":"post_tag","embeddable":true,"href":"https:\/\/www.eurominichamps.com\/en\/wp-json\/wp\/v2\/tags?post=210"}],"curies":[{"name":"wp","href":"https:\/\/api.w.org\/{rel}","templated":true}]}}