{"id":1635,"date":"2017-08-25T20:25:46","date_gmt":"2017-08-25T19:25:46","guid":{"rendered":"http:\/\/www.eurominichamps.com\/?p=1635"},"modified":"2017-08-25T20:25:46","modified_gmt":"2017-08-25T19:25:46","slug":"celian-besnier-a-fond-de-5e-lalsace","status":"publish","type":"post","link":"https:\/\/www.eurominichamps.com\/en\/2017\/08\/25\/celian-besnier-a-fond-de-5e-lalsace\/","title":{"rendered":"C\u00e9lian Besnier \u00e0 fond de 5e ? &#8211; L&#8217;Alsace"},"content":{"rendered":"<p class=\"qtranxs-available-languages-message qtranxs-available-languages-message-en\">Sorry, this entry is only available in <a href=\"https:\/\/www.eurominichamps.com\/fr\/wp-json\/wp\/v2\/posts\/1635\" class=\"qtranxs-available-language-link qtranxs-available-language-link-fr\" title=\"Fran\u00e7ais\">Fran\u00e7ais<\/a>.<\/p><p><em><img loading=\"lazy\" decoding=\"async\" class=\"aligncenter size-full wp-image-1009\" src=\"http:\/\/www.eurominichamps.com\/wp-content\/uploads\/2015\/08\/DNA-C\u00e9lian-BESNIER.jpg\" alt=\"\" width=\"4500\" height=\"3000\" srcset=\"https:\/\/www.eurominichamps.com\/wp-content\/uploads\/2015\/08\/DNA-C\u00e9lian-BESNIER.jpg 4500w, https:\/\/www.eurominichamps.com\/wp-content\/uploads\/2015\/08\/DNA-C\u00e9lian-BESNIER-300x200.jpg 300w, https:\/\/www.eurominichamps.com\/wp-content\/uploads\/2015\/08\/DNA-C\u00e9lian-BESNIER-1024x683.jpg 1024w, https:\/\/www.eurominichamps.com\/wp-content\/uploads\/2015\/08\/DNA-C\u00e9lian-BESNIER-600x400.jpg 600w\" sizes=\"auto, (max-width: 4500px) 100vw, 4500px\" \/>L&#8217;Alsace 25\/08\/2017<\/em><\/p>\n<p><strong>De retour de blessure, le Mulhousien C\u00e9lian Besnier aborde l&#8217;Euro Mini Champ&#8217;s sans certitudes \u00e0 partir d&#8217;aujourd&#8217;hui.\u00a0<\/strong><\/p>\n<p>&nbsp;<\/p>\n<p>Cinqui\u00e8me l&#8217;an dernier, battu en quart de finale par le futur vainqueur, le Russe Bannikov, le pongiste haut-rhinois C\u00e9lian Besnier sait comment s&#8217;y prendre pour bien figurer dans cette comp\u00e9tition europ\u00e9enne tr\u00e8s relev\u00e9e. Il s&#8217;agit de la premi\u00e8re grande comp\u00e9tition entre espoirs continentaux. Plusieurs joueurs de l&#8217;actuelle \u00e9quipe de France, Simon Gauzy (14e mondial, vainqueur en 2005) et Tristan Flore (54e mondial, finaliste en 2006) notamment, s&#8217;y sont distingu\u00e9s.<\/p>\n<p>\u00ab La saison d\u00e9marre \u00e0 peine mais cela fait d\u00e9j\u00e0 partie de mes grands objectifs, ne cache pas C\u00e9lian Besnier. J&#8217;esp\u00e8re faire au moins aussi bien que l&#8217;an dernier et m\u00eame mieux si c&#8217;est possible. \u00bb<\/p>\n<p>&nbsp;<\/p>\n<p><strong>Quatre mois sans comp\u00e9tition<\/strong><\/p>\n<p>Si le champion de France benjamins 2016 sait o\u00f9 il met les pieds pour sa 5e pr\u00e9sence aux Malteries, il partira n\u00e9anmoins dans l&#8217;inconnu. Il revient en effet de blessure. \u00ab C\u00e9lian a souffert d&#8217;une tendinite \u00e0 l&#8217;\u00e9paule droite, due \u00e0 la croissance, en fin de saison derni\u00e8re, explique Pascal Besnier, son p\u00e8re et mentor. Il a d\u00fb faire une pause de deux mois et demi. Il attaque donc les EMC apr\u00e8s quatre mois sans comp\u00e9tition. Ce n&#8217;est pas \u00e9vident ! \u00bb<\/p>\n<p>Le paternel, ancien international jeunes, ne veut pas griller les \u00e9tapes. \u00ab Il y a quatre tours, sous forme de poules, avant de se qualifier pour le tableau final. Y \u00eatre serait d\u00e9j\u00e0 un premier accomplissement. \u00bb<\/p>\n<p>\u00ab Il faudra ensuite prendre tour apr\u00e8s tour, poursuit-il. La concurrence, principalement fran\u00e7aise et russe, sans compter des individualit\u00e9s en pleine progression, sera tr\u00e8s relev\u00e9e. \u00bb<\/p>\n<p>Signe de la confiance f\u00e9d\u00e9rale, C\u00e9lian Besnier a \u00e9t\u00e9 s\u00e9lectionn\u00e9 parmi les deux joueurs \u00e0 \u00e9voluer sous le maillot tricolore (avec Milhane Jellouli). Les Bleuets se sont r\u00e9unis \u00e0 M\u00e9jannes, pr\u00e8s de N\u00eemes, pour pr\u00e9parer cette \u00e9ch\u00e9ance. Pour signer de bons r\u00e9sultats et conserver sa tunique bleue tout au long de la saison, mais surtout dans un avenir plus lointain, le jeune homme a pris un virage important concernant sa structure d&#8217;entra\u00eenement. Fini le P\u00f4le Espoir Alsace au Creps de Strasbourg. Le Mulhousien ne manquera pas de capitaliser sur cette exp\u00e9rience d&#8217;une saison, mais il a ressenti le besoin de \u00ab retrouver ses marques au sein de son club (le MTT) \u00bb. Il sera d\u00e9sormais suivi par l&#8217;entra\u00eeneur pro Veselin Iliev.<\/p>\n<p>&nbsp;<\/p>\n<p>Pour prolonger son r\u00eave en bleu, C\u00e9lian Besnier sait qu&#8217;il doit marquer des points (et les esprits) \u00e0 chaque occasion. Les EMC en Alsace en font assur\u00e9ment partie.<\/p>\n<p>&nbsp;<\/p>\n<p><em>J.-M.B.<\/em><\/p>\n<p><em><a href=\"http:\/\/www.eurominichamps.com\/wp-content\/uploads\/2017\/08\/2017.08.25-LAlsace-C\u00e9lian-Besnier-\u00e0-fond-de-5e.pdf\" class=\"mtli_attachment mtli_pdf\">2017.08.25 &#8211; L&#8217;Alsace C\u00e9lian Besnier \u00e0 fond de 5e<\/a><\/em><\/p>","protected":false},"excerpt":{"rendered":"<p>Sorry, this entry is only available in Fran\u00e7ais.L&#8217;Alsace 25\/08\/2017 De retour de blessure, le Mulhousien C\u00e9lian Besnier aborde l&#8217;Euro Mini Champ&#8217;s sans certitudes \u00e0 partir&hellip;<\/p>\n","protected":false},"author":2,"featured_media":1009,"comment_status":"closed","ping_status":"open","sticky":false,"template":"","format":"standard","meta":{"footnotes":""},"categories":[7],"tags":[],"class_list":["post-1635","post","type-post","status-publish","format-standard","has-post-thumbnail","hentry","category-medias"],"_links":{"self":[{"href":"https:\/\/www.eurominichamps.com\/en\/wp-json\/wp\/v2\/posts\/1635","targetHints":{"allow":["GET"]}}],"collection":[{"href":"https:\/\/www.eurominichamps.com\/en\/wp-json\/wp\/v2\/posts"}],"about":[{"href":"https:\/\/www.eurominichamps.com\/en\/wp-json\/wp\/v2\/types\/post"}],"author":[{"embeddable":true,"href":"https:\/\/www.eurominichamps.com\/en\/wp-json\/wp\/v2\/users\/2"}],"replies":[{"embeddable":true,"href":"https:\/\/www.eurominichamps.com\/en\/wp-json\/wp\/v2\/comments?post=1635"}],"version-history":[{"count":1,"href":"https:\/\/www.eurominichamps.com\/en\/wp-json\/wp\/v2\/posts\/1635\/revisions"}],"predecessor-version":[{"id":1637,"href":"https:\/\/www.eurominichamps.com\/en\/wp-json\/wp\/v2\/posts\/1635\/revisions\/1637"}],"wp:featuredmedia":[{"embeddable":true,"href":"https:\/\/www.eurominichamps.com\/en\/wp-json\/wp\/v2\/media\/1009"}],"wp:attachment":[{"href":"https:\/\/www.eurominichamps.com\/en\/wp-json\/wp\/v2\/media?parent=1635"}],"wp:term":[{"taxonomy":"category","embeddable":true,"href":"https:\/\/www.eurominichamps.com\/en\/wp-json\/wp\/v2\/categories?post=1635"},{"taxonomy":"post_tag","embeddable":true,"href":"https:\/\/www.eurominichamps.com\/en\/wp-json\/wp\/v2\/tags?post=1635"}],"curies":[{"name":"wp","href":"https:\/\/api.w.org\/{rel}","templated":true}]}}