{"id":1384,"date":"2016-08-27T11:46:40","date_gmt":"2016-08-27T10:46:40","guid":{"rendered":"http:\/\/www.eurominichamps.com\/?p=1384"},"modified":"2016-09-01T15:42:53","modified_gmt":"2016-09-01T14:42:53","slug":"eurominichamps-avec-3-hochfeldoises-dna-2016","status":"publish","type":"post","link":"https:\/\/www.eurominichamps.com\/en\/2016\/08\/27\/eurominichamps-avec-3-hochfeldoises-dna-2016\/","title":{"rendered":"EuroMiniChamp&#8217;s avec 3 Hochfeldoises &#8211; DNA 2016"},"content":{"rendered":"<p><img loading=\"lazy\" decoding=\"async\" class=\"aligncenter wp-image-1385 size-large\" src=\"http:\/\/www.eurominichamps.com\/wp-content\/uploads\/2016\/08\/06517-356-filles-1024x683.jpg\" alt=\"06517-356-filles\" width=\"600\" height=\"400\" srcset=\"https:\/\/www.eurominichamps.com\/wp-content\/uploads\/2016\/08\/06517-356-filles-1024x683.jpg 1024w, https:\/\/www.eurominichamps.com\/wp-content\/uploads\/2016\/08\/06517-356-filles-300x200.jpg 300w, https:\/\/www.eurominichamps.com\/wp-content\/uploads\/2016\/08\/06517-356-filles-768x512.jpg 768w, https:\/\/www.eurominichamps.com\/wp-content\/uploads\/2016\/08\/06517-356-filles-600x400.jpg 600w, https:\/\/www.eurominichamps.com\/wp-content\/uploads\/2016\/08\/06517-356-filles.jpg 2048w\" sizes=\"auto, (max-width: 600px) 100vw, 600px\" \/><br \/>\n<em>DNA 27\/08\/2016 &#8211; Tennis de table\u00a0EuroMiniChamp&#8217;s avec 3 Hochfeldoises<\/em><\/p>\n<p><strong>Am\u00e9lie Vogt (Zorn TT) aux EMC \u00e0 Schiltigheim.<\/strong><\/p>\n<p>Schiltigheim accueille depuis hier, et jusqu&#8217;\u00e0 demain, la 12e \u00e9dition des EuroMiniChamp&#8217;s (EMC), sorte de championnat d&#8217;Europe des minimes (le tennis a l&#8217;\u00e9quivalent avec le tournoi des Petits As \u00e0 Tarbes). 35 nations seront repr\u00e9sent\u00e9es aux gymnases des Malteries et Leclerc, soit environ 400 pongistes de 11 et 12 ans. Parmi les engag\u00e9es figurent trois jeunes Hochfeldoises, Am\u00e9lie Vogt et M\u00e9lissa Dorn, licenci\u00e9es au club de Zorn TT, qui tenteront toutes les deux d&#8217;acc\u00e9der au tableau final, ainsi que Charlotte Lutz, d\u00e9tect\u00e9e \u00e0 Zorn TT, aujourd&#8217;hui licenci\u00e9e au SU Schiltigheim, en \u00e9quipe de France, qui peut viser le podium dans sa cat\u00e9gorie. A noter que Chlo\u00e9 De Andrade, \u00e9galement qualifi\u00e9e, bless\u00e9e, a d\u00fb d\u00e9clarer forfait.<img loading=\"lazy\" decoding=\"async\" class=\"aligncenter size-medium wp-image-1386\" src=\"http:\/\/www.eurominichamps.com\/wp-content\/uploads\/2016\/08\/02591-356-filles-200x300.jpg\" alt=\"02591-356-filles\" width=\"200\" height=\"300\" srcset=\"https:\/\/www.eurominichamps.com\/wp-content\/uploads\/2016\/08\/02591-356-filles-200x300.jpg 200w, https:\/\/www.eurominichamps.com\/wp-content\/uploads\/2016\/08\/02591-356-filles-768x1152.jpg 768w, https:\/\/www.eurominichamps.com\/wp-content\/uploads\/2016\/08\/02591-356-filles-683x1024.jpg 683w, https:\/\/www.eurominichamps.com\/wp-content\/uploads\/2016\/08\/02591-356-filles-600x900.jpg 600w, https:\/\/www.eurominichamps.com\/wp-content\/uploads\/2016\/08\/02591-356-filles.jpg 1365w\" sizes=\"auto, (max-width: 200px) 100vw, 200px\" \/><\/p>","protected":false},"excerpt":{"rendered":"<p>DNA 27\/08\/2016 &#8211; Tennis de table\u00a0EuroMiniChamp&#8217;s avec 3 Hochfeldoises Am\u00e9lie Vogt (Zorn TT) aux EMC \u00e0 Schiltigheim. Schiltigheim accueille depuis hier, et jusqu&#8217;\u00e0 demain, la&hellip;<\/p>\n","protected":false},"author":2,"featured_media":1385,"comment_status":"closed","ping_status":"open","sticky":false,"template":"","format":"standard","meta":{"footnotes":""},"categories":[7],"tags":[],"class_list":["post-1384","post","type-post","status-publish","format-standard","has-post-thumbnail","hentry","category-medias"],"_links":{"self":[{"href":"https:\/\/www.eurominichamps.com\/en\/wp-json\/wp\/v2\/posts\/1384","targetHints":{"allow":["GET"]}}],"collection":[{"href":"https:\/\/www.eurominichamps.com\/en\/wp-json\/wp\/v2\/posts"}],"about":[{"href":"https:\/\/www.eurominichamps.com\/en\/wp-json\/wp\/v2\/types\/post"}],"author":[{"embeddable":true,"href":"https:\/\/www.eurominichamps.com\/en\/wp-json\/wp\/v2\/users\/2"}],"replies":[{"embeddable":true,"href":"https:\/\/www.eurominichamps.com\/en\/wp-json\/wp\/v2\/comments?post=1384"}],"version-history":[{"count":2,"href":"https:\/\/www.eurominichamps.com\/en\/wp-json\/wp\/v2\/posts\/1384\/revisions"}],"predecessor-version":[{"id":1413,"href":"https:\/\/www.eurominichamps.com\/en\/wp-json\/wp\/v2\/posts\/1384\/revisions\/1413"}],"wp:featuredmedia":[{"embeddable":true,"href":"https:\/\/www.eurominichamps.com\/en\/wp-json\/wp\/v2\/media\/1385"}],"wp:attachment":[{"href":"https:\/\/www.eurominichamps.com\/en\/wp-json\/wp\/v2\/media?parent=1384"}],"wp:term":[{"taxonomy":"category","embeddable":true,"href":"https:\/\/www.eurominichamps.com\/en\/wp-json\/wp\/v2\/categories?post=1384"},{"taxonomy":"post_tag","embeddable":true,"href":"https:\/\/www.eurominichamps.com\/en\/wp-json\/wp\/v2\/tags?post=1384"}],"curies":[{"name":"wp","href":"https:\/\/api.w.org\/{rel}","templated":true}]}}